{"id":15783,"date":"2025-05-01T10:06:00","date_gmt":"2025-05-01T13:06:00","guid":{"rendered":"https:\/\/www.promendoza.com\/es\/?p=15783"},"modified":"2025-05-05T12:08:00","modified_gmt":"2025-05-05T15:08:00","slug":"cornejo-estamos-decididos-a-fomentar-las-exportaciones-de-productos-y-servicios-que-nacen-en-mendoza","status":"publish","type":"post","link":"https:\/\/www.promendoza.com\/en\/cornejo-estamos-decididos-a-fomentar-las-exportaciones-de-productos-y-servicios-que-nacen-en-mendoza\/","title":{"rendered":"Cornejo: \u201cEstamos decididos a fomentar las exportaciones de productos y servicios que nacen en Mendoza\u201d"},"content":{"rendered":"<style type=\"text\/css\"><\/style>\n<figure class=\"wp-block-image\"><img alt=\"\"\/><\/figure>\n\n\n\n<h5>El mandatario provincial destac\u00f3 el programa \u00c1gil NEX, desarrollado por ProMendoza. Adem\u00e1s, destac\u00f3 que en octubre Mendoza ser\u00e1 sede de un evento internacional sin precedentes en el hemisferio Sur: Vinexpo Explorer, organizado por Vinexposium y ProMendoza.<\/h5>\n\n\n\n<p>En el marco de la Asamblea Legislativa, el Gobernador de Mendoza, Alfredo Cornejo, reafirm\u00f3 el compromiso de su gesti\u00f3n con el impulso a las exportaciones provinciales y destac\u00f3 el rol clave de programas e iniciativas que fortalecen la inserci\u00f3n internacional de las empresas locales.<\/p>\n\n\n\n<p>\u201cEl a\u00f1o pasado finalizamos con n\u00fameros muy positivos: las exportaciones de Mendoza crecieron un 22% en d\u00f3lares y un 30% en peso neto con respecto al a\u00f1o anterior\u201d, se\u00f1al\u00f3 Cornejo, record\u00f3 las gestiones que se hicieron para simplificar la exportaci\u00f3n de ajo a M\u00e9xico, reduciendo los costos de los productores locales, al tiempo que subray\u00f3 la importancia de ampliar la base exportadora. \u201cQueremos que sean m\u00e1s las PyMEs mendocinas que lleguen al mundo, y por eso desarrollamos programas que garanticen igualdad de oportunidades para todas ellas\u201d, agreg\u00f3.<\/p>\n\n\n\n<p>El mandatario provincial destac\u00f3 el programa \u00c1gil NEX, desarrollado por ProMendoza, que ofrece una combinaci\u00f3n de herramientas de consultor\u00eda en comercio exterior con metodolog\u00edas \u00e1giles de gesti\u00f3n. Este programa est\u00e1 orientado a acompa\u00f1ar a micro, peque\u00f1as y medianas empresas mendocinas de cualquier sector en su primer proceso de internacionalizaci\u00f3n.<\/p>\n\n\n\n<p>Asimismo, Cornejo record\u00f3 que en octubre Mendoza ser\u00e1 sede de un evento internacional sin precedentes en el hemisferio sur: Vinexpo Explorer, organizado por Vinexposium y ProMendoza, que permitir\u00e1 a bodegas \u2014especialmente las peque\u00f1as y medianas\u2014 presentar sus vinos a 80 compradores internacionales. \u201cEs un hecho in\u00e9dito para la provincia y para el hemisferio Sur, pondr\u00e1 a Mendoza como sede de una de las experiencias del comercio del vino m\u00e1s importante\u201d, indic\u00f3.<\/p>\n\n\n\n<p>Por su parte, en di\u00e1logo con la prensa, la titular de ProMendoza, Patricia Gim\u00e9nez, agreg\u00f3: \u201cVinexpo Explorer ser\u00e1 una oportunidad \u00fanica para posicionar nuestras etiquetas en el mercado global y continuar consolidando a Mendoza como capital del vino. Como dijo el Gobernador, desde ProMendoza trabajamos para abrir nuevos mercados y consolidar los existentes. Queremos que haya m\u00e1s empresas mendocinas con presencia en otros pa\u00edses. Es por eso que ahora les damos la posibilidad de que tengan contacto directo con 80 empresarios de todo el mundo sin tener que hacer la inversi\u00f3n que se necesita para viajar a una feria o a una reuni\u00f3n de negocios en el extranjero\u201d.<\/p>\n\n\n\n<p>Gim\u00e9nez record\u00f3 que las bodegas que quieran ser parte ya se pueden inscribir en la p\u00e1gina web de ProMendoza. \u201cLas bodegas ya pueden inscribirse y hay dos modalidades de participaci\u00f3n como Anfitriones (Hosts) o como parte de los encuentros de negocios B2B y tasting. Adem\u00e1s, todas las bodegas que se preinscriban correctamente formar\u00e1n parte del Directorio Exportador y Oferta Exportable de Mendoza que ser\u00e1 utilizado en todas las acciones de promoci\u00f3n comercial de la instituci\u00f3n\u201d, sum\u00f3 la presidente de la Unidad ProMendoza.<\/p>\n\n\n\n<p><strong>Sobre Vinexpo Explorer Mendoza<\/strong><\/p>\n\n\n\n<p>Ser\u00e1 un encuentro global exclusivo que reunir\u00e1 en Mendoza a 80 compradores internacionales provenientes de Am\u00e9rica del Norte, Europa y Asia, con el objetivo de generar oportunidades comerciales de alto impacto con bodegas mendocinas. Ser\u00e1 una experiencia inmersiva en nuestra ic\u00f3nica regi\u00f3n vitivin\u00edcola. Contar\u00e1 con presentaciones \u00fanicas, visitas exclusivas a vi\u00f1edos, degustaciones y reuniones de negocios estrat\u00e9gicas.<\/p>\n\n\n\n<p>Las bodegas podr\u00e1n inscribirse en dos modalidades de participaci\u00f3n:<\/p>\n\n\n\n<ul><li>Anfitriones (Hosts)<\/li><li>Rondas de negocios B2B y&nbsp;<em>tasting<\/em><\/li><\/ul>\n\n\n\n<p>Adem\u00e1s, todas las bodegas que se preinscriban correctamente formar\u00e1n parte del primer Directorio Exportador y Oferta Exportable de Mendoza, que ser\u00e1 publicado en el sitio de internet de ProMendoza durante el primer semestre de 2025 y utilizado en todas las acciones de promoci\u00f3n comercial de la instituci\u00f3n.<\/p>\n\n\n\n<p>Fechas clave de inscripci\u00f3n:<\/p>\n\n\n\n<ul><li>Anfitriones (Hosts): hasta el 30 de mayo de 2025<\/li><li><em>Tasting&nbsp;<\/em>y rondas B2B: hasta el 9 de julio de 2025<\/li><\/ul>\n\n\n\n<p>La preinscripci\u00f3n no garantiza la participaci\u00f3n en la ronda de negocios, pero s\u00ed asegura la inclusi\u00f3n en el cat\u00e1logo promocional.<\/p>\n\n\n\n<p><strong>Sobre \u00c1gil NEX<\/strong><\/p>\n\n\n\n<p>\u00c1gil NEX es el programa de ProMendoza que impulsa la internacionalizaci\u00f3n de micro, peque\u00f1as y medianas empresas de Mendoza. Combina metodolog\u00edas \u00e1giles con el acompa\u00f1amiento personalizado de consultores expertos en comercio exterior para ayudarte a superar barreras, desarrollar un plan de exportaci\u00f3n s\u00f3lido y alcanzar tu primera operaci\u00f3n internacional.<\/p>\n\n\n\n<p>El programa est\u00e1 dirigido a empresas que nunca han exportado o lo han hecho de forma espor\u00e1dica. A trav\u00e9s de un proceso pr\u00e1ctico, colaborativo y ajustado a la realidad local, \u00c1gil NEX acompa\u00f1a durante 6 meses de trabajo intensivo, m\u00e1s un seguimiento opcional posterior.<\/p>\n\n\n\n<figure class=\"wp-block-gallery columns-2 is-cropped\"><ul class=\"blocks-gallery-grid\"><li class=\"blocks-gallery-item\"><figure><img loading=\"lazy\" width=\"700\" height=\"353\" src=\"https:\/\/www.promendoza.com\/wp-content\/uploads\/2025\/05\/vinexpo-700x353-2.jpg\" alt=\"\" data-id=\"15787\" data-full-url=\"https:\/\/www.promendoza.com\/wp-content\/uploads\/2025\/05\/vinexpo-700x353-2.jpg\" data-link=\"https:\/\/www.promendoza.com\/es\/?attachment_id=15787\" class=\"wp-image-15787\" srcset=\"https:\/\/www.promendoza.com\/wp-content\/uploads\/2025\/05\/vinexpo-700x353-2.jpg 700w, https:\/\/www.promendoza.com\/wp-content\/uploads\/2025\/05\/vinexpo-700x353-2-300x151.jpg 300w, https:\/\/www.promendoza.com\/wp-content\/uploads\/2025\/05\/vinexpo-700x353-2-580x292.jpg 580w\" sizes=\"(max-width: 700px) 100vw, 700px\" \/><\/figure><\/li><li class=\"blocks-gallery-item\"><figure><img loading=\"lazy\" width=\"700\" height=\"461\" src=\"https:\/\/www.promendoza.com\/wp-content\/uploads\/2025\/05\/MG_0832-700x461-1.jpg\" alt=\"\" data-id=\"15786\" data-full-url=\"https:\/\/www.promendoza.com\/wp-content\/uploads\/2025\/05\/MG_0832-700x461-1.jpg\" data-link=\"https:\/\/www.promendoza.com\/es\/?attachment_id=15786\" class=\"wp-image-15786\" srcset=\"https:\/\/www.promendoza.com\/wp-content\/uploads\/2025\/05\/MG_0832-700x461-1.jpg 700w, https:\/\/www.promendoza.com\/wp-content\/uploads\/2025\/05\/MG_0832-700x461-1-300x198.jpg 300w, https:\/\/www.promendoza.com\/wp-content\/uploads\/2025\/05\/MG_0832-700x461-1-580x382.jpg 580w\" sizes=\"(max-width: 700px) 100vw, 700px\" \/><\/figure><\/li><\/ul><\/figure>\n\n\n\n<p><\/p>\n","protected":false},"excerpt":{"rendered":"<p>El mandatario provincial destac\u00f3 el programa \u00c1gil NEX, desarrollado por ProMendoza. Adem\u00e1s, destac\u00f3 que en octubre Mendoza ser\u00e1 sede de un evento internacional sin precedentes en el hemisferio Sur: Vinexpo&#8230;<\/p>\n","protected":false},"author":1,"featured_media":15784,"comment_status":"closed","ping_status":"closed","sticky":false,"template":"","format":"image","meta":[],"categories":[54],"tags":[],"_links":{"self":[{"href":"https:\/\/www.promendoza.com\/en\/wp-json\/wp\/v2\/posts\/15783"}],"collection":[{"href":"https:\/\/www.promendoza.com\/en\/wp-json\/wp\/v2\/posts"}],"about":[{"href":"https:\/\/www.promendoza.com\/en\/wp-json\/wp\/v2\/types\/post"}],"author":[{"embeddable":true,"href":"https:\/\/www.promendoza.com\/en\/wp-json\/wp\/v2\/users\/1"}],"replies":[{"embeddable":true,"href":"https:\/\/www.promendoza.com\/en\/wp-json\/wp\/v2\/comments?post=15783"}],"version-history":[{"count":2,"href":"https:\/\/www.promendoza.com\/en\/wp-json\/wp\/v2\/posts\/15783\/revisions"}],"predecessor-version":[{"id":15789,"href":"https:\/\/www.promendoza.com\/en\/wp-json\/wp\/v2\/posts\/15783\/revisions\/15789"}],"wp:featuredmedia":[{"embeddable":true,"href":"https:\/\/www.promendoza.com\/en\/wp-json\/wp\/v2\/media\/15784"}],"wp:attachment":[{"href":"https:\/\/www.promendoza.com\/en\/wp-json\/wp\/v2\/media?parent=15783"}],"wp:term":[{"taxonomy":"category","embeddable":true,"href":"https:\/\/www.promendoza.com\/en\/wp-json\/wp\/v2\/categories?post=15783"},{"taxonomy":"post_tag","embeddable":true,"href":"https:\/\/www.promendoza.com\/en\/wp-json\/wp\/v2\/tags?post=15783"}],"curies":[{"name":"wp","href":"https:\/\/api.w.org\/{rel}","templated":true}]}}