{"id":15797,"date":"2025-05-09T13:20:28","date_gmt":"2025-05-09T16:20:28","guid":{"rendered":"https:\/\/www.promendoza.com\/es\/?p=15797"},"modified":"2025-05-09T13:21:49","modified_gmt":"2025-05-09T16:21:49","slug":"exitosa-participacion-de-bodegas-mendocinas-en-wine-south-america-en-brasil","status":"publish","type":"post","link":"https:\/\/www.promendoza.com\/en\/exitosa-participacion-de-bodegas-mendocinas-en-wine-south-america-en-brasil\/","title":{"rendered":"Exitosa participaci\u00f3n de bodegas mendocinas en Wine South America en Brasil"},"content":{"rendered":"<style type=\"text\/css\"><\/style>\n<figure class=\"wp-block-image\"><img alt=\"\"\/><\/figure>\n\n\n\n<h5>Mendoza tuvo una destacada presencia en Wine South America, feria realizada en Bento Gon\u00e7alves, conocida como la capital del vino en Brasil.<\/h5>\n\n\n\n<p>La participaci\u00f3n, coordinada por ProMendoza, incluy\u00f3 a 14 bodegas de la provincia que calificaron la experiencia de \u201cmuy exitosa\u201d, por la calidad de los contactos realizados y las oportunidades de negocio generadas.<\/p>\n\n\n\n<p>\u201cCada bodega tuvo al menos 5 reuniones por jornada, en un total de m\u00e1s de 80 encuentros de negocios. Esta feria es la \u00fanica que ofrece rondas de negocios, lo que la vuelve sumamente \u00fatil, sobre todo para aquellas bodegas que buscan entrar al mercado brasile\u00f1o sin contar a\u00fan con un importador\u201d, se\u00f1al\u00f3 Gustavo Calandra, de ProMendoza.<\/p>\n\n\n\n<p>Una de las principales novedades fue la instalaci\u00f3n del&nbsp;<em>stand&nbsp;<\/em>del&nbsp;<em>hub&nbsp;<\/em>log\u00edstico Mendoza-Brasil, desarrollado junto al importador V\u00edtor Figueiredo, pensado para facilitar la inserci\u00f3n de vinos y alimentos mendocinos en este mercado. \u201cFue un verdadero acierto. Es la primera vez que participamos con este formato y ya est\u00e1 dando excelentes resultados\u201d, agreg\u00f3 Calandra.<\/p>\n\n\n\n<p><strong>La palabra de los empresarios mendocinos<\/strong><\/p>\n\n\n\n<p>Juan Carlos Caselles, de Bodegas Sin Fin, coment\u00f3: \u201cFue nuestra primera participaci\u00f3n con ProMendoza. Pudimos relacionarnos con varios importadores gracias a todas las gestiones realizadas. Una experiencia interesant\u00edsima\u201d.<\/p>\n\n\n\n<p>Desde Finca Don Carlos, H\u00e9ctor Salvo expres\u00f3: \u201cLa impresi\u00f3n fue muy buena. Recibimos gran cantidad de visitantes en nuestro stand, tuvimos reuniones muy productivas y queremos volver a participar\u201d.<\/p>\n\n\n\n<p>Gaetano Prisco, tambi\u00e9n de ProMendoza, inform\u00f3 sobre una reuni\u00f3n clave con la Asociaci\u00f3n Nacional de Productores de Vinos de Invierno (ANPROVIN), que representa a productores de todo Brasil. \u201cNos invitaron a colaborar en la difusi\u00f3n de un evento que se realizar\u00e1 en Bras\u00edlia, donde se buscar\u00e1 mostrar la oferta vitivin\u00edcola de Mendoza. Adem\u00e1s, comenzamos conversaciones para explorar la creaci\u00f3n de un segundo hub log\u00edstico en el norte o nordeste del pa\u00eds\u201d, explic\u00f3.<\/p>\n\n\n\n<p>Varias bodegas debutaron en esta feria. Es el caso de Selva Andina, cuya cofundadora, Mariana Silveira do Santos, asegur\u00f3: \u201cEs nuestra primera incursi\u00f3n en este pa\u00eds y en una feria internacional. La experiencia fue muy satisfactoria y esperamos poder seguir mostrando el vino argentino en m\u00e1s mercados\u201d.<\/p>\n\n\n\n<p>Por su parte, Gianfranco Budetta, de Magia de Uco, destac\u00f3: \u201cEl hecho de tener nuestros productos en el&nbsp;<em>hub&nbsp;<\/em>log\u00edstico facilit\u00f3 todo. Las reuniones fueron mucho m\u00e1s concretas, porque ya contamos con presencia en el pa\u00eds. La participaci\u00f3n de Mendoza en&nbsp;<em>Wine South America<\/em>&nbsp;refleja la estrategia sostenida de internacionalizaci\u00f3n y fortalecimiento de sus bodegas en mercados clave, con Brasil como uno de los principales destinos de exportaci\u00f3n del vino argentino\u201d.<\/p>\n\n\n\n<figure class=\"wp-block-gallery columns-0 is-cropped\"><ul class=\"blocks-gallery-grid\"><\/ul><\/figure>\n","protected":false},"excerpt":{"rendered":"<p>Mendoza tuvo una destacada presencia en Wine South America, feria realizada en Bento Gon\u00e7alves, conocida como la capital del vino en Brasil. La participaci\u00f3n, coordinada por ProMendoza, incluy\u00f3 a 14&#8230;<\/p>\n","protected":false},"author":1,"featured_media":15799,"comment_status":"closed","ping_status":"closed","sticky":false,"template":"","format":"image","meta":[],"categories":[98],"tags":[],"_links":{"self":[{"href":"https:\/\/www.promendoza.com\/en\/wp-json\/wp\/v2\/posts\/15797"}],"collection":[{"href":"https:\/\/www.promendoza.com\/en\/wp-json\/wp\/v2\/posts"}],"about":[{"href":"https:\/\/www.promendoza.com\/en\/wp-json\/wp\/v2\/types\/post"}],"author":[{"embeddable":true,"href":"https:\/\/www.promendoza.com\/en\/wp-json\/wp\/v2\/users\/1"}],"replies":[{"embeddable":true,"href":"https:\/\/www.promendoza.com\/en\/wp-json\/wp\/v2\/comments?post=15797"}],"version-history":[{"count":4,"href":"https:\/\/www.promendoza.com\/en\/wp-json\/wp\/v2\/posts\/15797\/revisions"}],"predecessor-version":[{"id":15803,"href":"https:\/\/www.promendoza.com\/en\/wp-json\/wp\/v2\/posts\/15797\/revisions\/15803"}],"wp:featuredmedia":[{"embeddable":true,"href":"https:\/\/www.promendoza.com\/en\/wp-json\/wp\/v2\/media\/15799"}],"wp:attachment":[{"href":"https:\/\/www.promendoza.com\/en\/wp-json\/wp\/v2\/media?parent=15797"}],"wp:term":[{"taxonomy":"category","embeddable":true,"href":"https:\/\/www.promendoza.com\/en\/wp-json\/wp\/v2\/categories?post=15797"},{"taxonomy":"post_tag","embeddable":true,"href":"https:\/\/www.promendoza.com\/en\/wp-json\/wp\/v2\/tags?post=15797"}],"curies":[{"name":"wp","href":"https:\/\/api.w.org\/{rel}","templated":true}]}}