{"id":15875,"date":"2025-06-09T10:57:00","date_gmt":"2025-06-09T13:57:00","guid":{"rendered":"https:\/\/www.promendoza.com\/es\/?p=15875"},"modified":"2025-06-11T11:01:33","modified_gmt":"2025-06-11T14:01:33","slug":"convocan-a-pymes-de-mendoza-que-quieran-participar-en-prowine-san-pablo-2025","status":"publish","type":"post","link":"https:\/\/www.promendoza.com\/en\/convocan-a-pymes-de-mendoza-que-quieran-participar-en-prowine-san-pablo-2025\/","title":{"rendered":"Convocan a pymes de Mendoza que quieran participar en ProWine San Pablo 2025"},"content":{"rendered":"<style type=\"text\/css\"><\/style>\n<figure class=\"wp-block-image\"><img alt=\"\"\/><\/figure>\n\n\n\n<h5>Se celebrar\u00e1 del 30 de septiembre al 2 de octubre. Las pymes de Mendoza que se inscriban con ProMendoza formar\u00e1n parte del pabell\u00f3n que organiza el Consejo Federal de Inversiones.<\/h5>\n\n\n\n<p>ProMendoza lanz\u00f3 la convocatoria para las pymes que elaboren vinos o bebidas espirituosas que quieran participar en ProWine San Pablo 2025, la feria del sector m\u00e1s importante de Am\u00e9rica Latina, que se celebrar\u00e1 del 30 de septiembre al 2 de octubre en el centro de exposiciones S\u00e3o Paulo Expo, Brasil.<\/p>\n\n\n\n<p>\u201cLas pymes de Mendoza que se inscriban con ProMendoza formar\u00e1n parte del pabell\u00f3n que organiza el Consejo Federal de Inversiones, lo que permitir\u00e1 una presencia destacada y coordinada, fortaleciendo la imagen de nuestra provincia como referente vitivin\u00edcola de clase mundial\u201d, destacaron desde ProMendoza.<\/p>\n\n\n\n<p>Este encuentro representa una oportunidad \u00fanica para expandir la presencia de nuestras bebidas en el mercado brasile\u00f1o, uno de los m\u00e1s din\u00e1micos y en crecimiento de la regi\u00f3n. Adem\u00e1s, es importante para conectar con importadores, distribuidores,&nbsp;<em>sommeliers<\/em>&nbsp;y compradores clave de toda Am\u00e9rica Latina. La presencia mostrar\u00e1 la excelencia y diversidad del vino mendocino en un escenario internacional de alto nivel.<\/p>\n\n\n\n<p>La participaci\u00f3n tiene costo e incluye varios servicios.&nbsp;<\/p>\n\n\n\n<p><strong>Criterios de selecci\u00f3n<\/strong><\/p>\n\n\n\n<p>\u2022&nbsp;&nbsp;&nbsp;&nbsp;&nbsp;&nbsp;&nbsp;&nbsp;&nbsp;&nbsp;&nbsp;&nbsp; Ser una pyme.<\/p>\n\n\n\n<p>\u2022&nbsp;&nbsp;&nbsp;&nbsp;&nbsp;&nbsp;&nbsp;&nbsp;&nbsp;&nbsp;&nbsp;&nbsp; No estar inscripto paralelamente en otras instituciones afines.<\/p>\n\n\n\n<p>\u2022&nbsp;&nbsp;&nbsp;&nbsp;&nbsp;&nbsp;&nbsp;&nbsp;&nbsp;&nbsp;&nbsp;&nbsp; Orden cronol\u00f3gico de inscripci\u00f3n.<\/p>\n\n\n\n<p>\u2022&nbsp;&nbsp;&nbsp;&nbsp;&nbsp;&nbsp;&nbsp;&nbsp;&nbsp;&nbsp;&nbsp;&nbsp; No tener deuda con ProMendoza de actividades anteriores.<\/p>\n\n\n\n<p><strong>\u00bfQui\u00e9nes asisten a la feria?<\/strong><\/p>\n\n\n\n<p>\u2022&nbsp;&nbsp;&nbsp;&nbsp;&nbsp;&nbsp;&nbsp;&nbsp;&nbsp;&nbsp;&nbsp;&nbsp; Importadores, distribuidores, mayoristas y minoristas.<\/p>\n\n\n\n<p>\u2022&nbsp;&nbsp;&nbsp;&nbsp;&nbsp;&nbsp;&nbsp;&nbsp;&nbsp;&nbsp;&nbsp;&nbsp; Supermercados e hipermercados.<\/p>\n\n\n\n<p>\u2022&nbsp;&nbsp;&nbsp;&nbsp;&nbsp;&nbsp;&nbsp;&nbsp;&nbsp;&nbsp;&nbsp;&nbsp; Canal Horeca: restaurantes, hoteles y&nbsp;<em>catering<\/em>.<\/p>\n\n\n\n<p>\u2022&nbsp;&nbsp;&nbsp;&nbsp;&nbsp;&nbsp;&nbsp;&nbsp;&nbsp;&nbsp;&nbsp;&nbsp; Agentes de vino e inversores.<\/p>\n\n\n\n<p>\u2022&nbsp;&nbsp;&nbsp;&nbsp;&nbsp;&nbsp;&nbsp;&nbsp;&nbsp;&nbsp;&nbsp;&nbsp; Compradores.<\/p>\n\n\n\n<p>\u2022&nbsp;&nbsp;&nbsp;&nbsp;&nbsp;&nbsp;&nbsp;&nbsp;&nbsp;&nbsp;&nbsp;&nbsp;&nbsp;<em>Influencers&nbsp;<\/em>y&nbsp;<em>sommeliers<\/em>.<\/p>\n\n\n\n<p>\u201cEs importante aclarar que los cupos son limitados, que la participaci\u00f3n tiene costo y que el cierre de inscripciones es el jueves 19 de junio. Para m\u00e1s informaci\u00f3n, escribir a Gustavo Calandra a&nbsp;<a rel=\"noreferrer noopener\" href=\"mailto:gcalandra@promendoza.com\" target=\"_blank\">gcalandra@promendoza.com<\/a>&nbsp;o a Gaetano Aguilera Prisco a&nbsp;<a rel=\"noreferrer noopener\" href=\"mailto:gprisco@promendoza.com\" target=\"_blank\">gprisco@promendoza.com<\/a>\u201c, agregaron desde ProMendoza.&nbsp;<\/p>\n","protected":false},"excerpt":{"rendered":"<p>Se celebrar\u00e1 del 30 de septiembre al 2 de octubre. Las pymes de Mendoza que se inscriban con ProMendoza formar\u00e1n parte del pabell\u00f3n que organiza el Consejo Federal de Inversiones&#8230;.<\/p>\n","protected":false},"author":1,"featured_media":15876,"comment_status":"closed","ping_status":"closed","sticky":false,"template":"","format":"image","meta":[],"categories":[52],"tags":[],"_links":{"self":[{"href":"https:\/\/www.promendoza.com\/en\/wp-json\/wp\/v2\/posts\/15875"}],"collection":[{"href":"https:\/\/www.promendoza.com\/en\/wp-json\/wp\/v2\/posts"}],"about":[{"href":"https:\/\/www.promendoza.com\/en\/wp-json\/wp\/v2\/types\/post"}],"author":[{"embeddable":true,"href":"https:\/\/www.promendoza.com\/en\/wp-json\/wp\/v2\/users\/1"}],"replies":[{"embeddable":true,"href":"https:\/\/www.promendoza.com\/en\/wp-json\/wp\/v2\/comments?post=15875"}],"version-history":[{"count":2,"href":"https:\/\/www.promendoza.com\/en\/wp-json\/wp\/v2\/posts\/15875\/revisions"}],"predecessor-version":[{"id":15878,"href":"https:\/\/www.promendoza.com\/en\/wp-json\/wp\/v2\/posts\/15875\/revisions\/15878"}],"wp:featuredmedia":[{"embeddable":true,"href":"https:\/\/www.promendoza.com\/en\/wp-json\/wp\/v2\/media\/15876"}],"wp:attachment":[{"href":"https:\/\/www.promendoza.com\/en\/wp-json\/wp\/v2\/media?parent=15875"}],"wp:term":[{"taxonomy":"category","embeddable":true,"href":"https:\/\/www.promendoza.com\/en\/wp-json\/wp\/v2\/categories?post=15875"},{"taxonomy":"post_tag","embeddable":true,"href":"https:\/\/www.promendoza.com\/en\/wp-json\/wp\/v2\/tags?post=15875"}],"curies":[{"name":"wp","href":"https:\/\/api.w.org\/{rel}","templated":true}]}}