{"id":15945,"date":"2025-07-17T11:55:57","date_gmt":"2025-07-17T14:55:57","guid":{"rendered":"https:\/\/www.promendoza.com\/es\/?p=15945"},"modified":"2025-07-17T11:58:07","modified_gmt":"2025-07-17T14:58:07","slug":"invitan-a-empresas-mendocinas-a-explorar-intersolar-south-america-2025","status":"publish","type":"post","link":"https:\/\/www.promendoza.com\/en\/invitan-a-empresas-mendocinas-a-explorar-intersolar-south-america-2025\/","title":{"rendered":"Invitan a empresas mendocinas a explorar Intersolar South America 2025"},"content":{"rendered":"<style type=\"text\/css\"><\/style>\n<figure class=\"wp-block-image\"><img alt=\"\"\/><\/figure>\n\n\n\n<h5>ProMendoza convoca a empresas del sector energ\u00e9tico para explorar el evento m\u00e1s importante de Latinoam\u00e9rica dedicado a la industria de la energ\u00eda solar.<\/h5>\n\n\n\n<p>La feria se llevar\u00e1 a cabo del 26 al 28 de agosto en el Expo Center Norte, en San Pablo, Brasil. Forma parte de la plataforma internacional&nbsp;<em>The Smarter E South America,&nbsp;<\/em>que re\u00fane a los principales actores del sector para presentar las \u00faltimas innovaciones en energ\u00eda fotovoltaica, tecnolog\u00edas termosolares y soluciones integradas para generaci\u00f3n, almacenamiento, distribuci\u00f3n y uso inteligente de la energ\u00eda.<\/p>\n\n\n\n<p>La participaci\u00f3n en este evento representa una oportunidad estrat\u00e9gica para las empresas mendocinas interesadas en explorar tendencias globales e innovaciones tecnol\u00f3gicas, generar alianzas comerciales y posicionarse en el mercado de energ\u00edas renovables.<\/p>\n\n\n\n<p>\u201cThe Smarter E South Am\u00e9rica crea oportunidades para abordar la cadena de valor en la generaci\u00f3n de la energ\u00eda de manera inteligente y eficiente. El evento re\u00fane a partes interesadas en el futuro energ\u00e9tico y los m\u00e1s importantes proveedores del mundo en esta industria\u201d, indicaron desde ProMendoza. Adem\u00e1s, aclararon que los costos de pasajes, alojamiento, traslados e ingreso corren por cuenta de cada empresa participante. Los interesados pueden completar&nbsp;<a href=\"https:\/\/bit.ly\/Intersolar2025\">este formulario<\/a>.<\/p>\n\n\n\n<p>Para m\u00e1s informaci\u00f3n y detalles sobre c\u00f3mo participar, comunicarse con Guillermo Mart\u00ednez al correo&nbsp;<a rel=\"noreferrer noopener\" href=\"mailto:gmartinez@promendoza.com\" target=\"_blank\">gmartinez@promendoza.com<\/a>.<\/p>\n","protected":false},"excerpt":{"rendered":"<p>ProMendoza convoca a empresas del sector energ\u00e9tico para explorar el evento m\u00e1s importante de Latinoam\u00e9rica dedicado a la industria de la energ\u00eda solar. La feria se llevar\u00e1 a cabo del&#8230;<\/p>\n","protected":false},"author":1,"featured_media":15946,"comment_status":"closed","ping_status":"closed","sticky":false,"template":"","format":"image","meta":[],"categories":[55],"tags":[],"_links":{"self":[{"href":"https:\/\/www.promendoza.com\/en\/wp-json\/wp\/v2\/posts\/15945"}],"collection":[{"href":"https:\/\/www.promendoza.com\/en\/wp-json\/wp\/v2\/posts"}],"about":[{"href":"https:\/\/www.promendoza.com\/en\/wp-json\/wp\/v2\/types\/post"}],"author":[{"embeddable":true,"href":"https:\/\/www.promendoza.com\/en\/wp-json\/wp\/v2\/users\/1"}],"replies":[{"embeddable":true,"href":"https:\/\/www.promendoza.com\/en\/wp-json\/wp\/v2\/comments?post=15945"}],"version-history":[{"count":3,"href":"https:\/\/www.promendoza.com\/en\/wp-json\/wp\/v2\/posts\/15945\/revisions"}],"predecessor-version":[{"id":15949,"href":"https:\/\/www.promendoza.com\/en\/wp-json\/wp\/v2\/posts\/15945\/revisions\/15949"}],"wp:featuredmedia":[{"embeddable":true,"href":"https:\/\/www.promendoza.com\/en\/wp-json\/wp\/v2\/media\/15946"}],"wp:attachment":[{"href":"https:\/\/www.promendoza.com\/en\/wp-json\/wp\/v2\/media?parent=15945"}],"wp:term":[{"taxonomy":"category","embeddable":true,"href":"https:\/\/www.promendoza.com\/en\/wp-json\/wp\/v2\/categories?post=15945"},{"taxonomy":"post_tag","embeddable":true,"href":"https:\/\/www.promendoza.com\/en\/wp-json\/wp\/v2\/tags?post=15945"}],"curies":[{"name":"wp","href":"https:\/\/api.w.org\/{rel}","templated":true}]}}