{"id":15955,"date":"2025-07-18T12:33:00","date_gmt":"2025-07-18T15:33:00","guid":{"rendered":"https:\/\/www.promendoza.com\/es\/?p=15955"},"modified":"2025-07-21T12:37:44","modified_gmt":"2025-07-21T15:37:44","slug":"primer-envio-de-vinos-mendocinos-llega-al-hub-logistico-de-santa-catarina-brasil-2","status":"publish","type":"post","link":"https:\/\/www.promendoza.com\/en\/primer-envio-de-vinos-mendocinos-llega-al-hub-logistico-de-santa-catarina-brasil-2\/","title":{"rendered":"Primer env\u00edo de vinos mendocinos llega al hub log\u00edstico de Santa Catarina, Brasil"},"content":{"rendered":"<style type=\"text\/css\"><\/style>\n<figure class=\"wp-block-image\"><img alt=\"\"\/><\/figure>\n\n\n\n<h5>La bodega Cuvelier Los Andes concret\u00f3 el primer env\u00edo de vinos al&nbsp;<em>hub&nbsp;<\/em>log\u00edstico de Santa Catarina, Brasil, como parte de la estrategia impulsada por ProMendoza para fortalecer la presencia de productos mendocinos en el pa\u00eds vecino. La carga consisti\u00f3 en 10 pallets con m\u00e1s de 8.200 botellas de vinos varietales de gama media y alta.<\/h5>\n\n\n\n<p>Son 7 las etiquetas exportadas a Brasil y van en un rango de precios de 3 a 15 d\u00f3lares. Se trata de Cuvelier Los Andes Cuv\u00e9e Nature, Grand Malbec, Grand Vin, Colecci\u00f3n Blend, Cabernet Sauvignon, Malbec y Malbec Rose.<\/p>\n\n\n\n<p>\u201cYa ten\u00edamos una presencia s\u00f3lida en Brasil, pero sent\u00edamos la necesidad de dar un salto cualitativo en nuestro servicio. La agilidad es clave en un mercado tan din\u00e1mico\u201d, afirm\u00f3 Romina Zabala,&nbsp;<em>export manager<\/em>&nbsp;de la bodega.<\/p>\n\n\n\n<p>Asimismo, se\u00f1al\u00f3 que \u201ceste&nbsp;<em>hub&nbsp;<\/em>log\u00edstico no es solo un almac\u00e9n. Es una plataforma de crecimiento que nos permite afianzar nuestra marca, mejorar dr\u00e1sticamente los tiempos de respuesta y optimizar la cadena de distribuci\u00f3n para estar m\u00e1s cerca de nuestros clientes\u201d.<\/p>\n\n\n\n<p>A largo plazo, la bodega busca consolidar la presencia de la marca en el exterior y mejorar su competitividad con un stock permanente en Brasil. Es por ello que ya se encuentra preparando una nueva exportaci\u00f3n de dos pallets adicionales que saldr\u00e1n en agosto, destinados a optimizar los niveles de&nbsp;<em>stock&nbsp;<\/em>y asegurar la disponibilidad continua de sus etiquetas m\u00e1s demandadas.&nbsp;<\/p>\n\n\n\n<p>\u201cEs muy importante que las bodegas mendocinas que trabajan con nosotros cuenten con&nbsp;<em>stock&nbsp;<\/em>en Brasil. Esto les permitir\u00e1, por ejemplo, participar en Prowine San Pablo, del 30 de septiembre al 2 de octubre, y de la degustaci\u00f3n organizada junto a la Asociaci\u00f3n Brasilera de Bares y Restaurantes, donde se presentar\u00e1n todas las etiquetas disponibles en el&nbsp;<em>hub<\/em>. As\u00ed demostramos que tenemos capacidad de entrega en 24 o 48 horas\u201d, explic\u00f3 Gaetano Aguilera Prisco, responsable del mercado brasile\u00f1o en ProMendoza.<\/p>\n\n\n\n<p>Por otro lado, se espera que a mediados de agosto arribe al&nbsp;<em>hub&nbsp;<\/em>un segundo cami\u00f3n consolidado, con 26 pallets que incluir\u00e1n vinos de las bodegas Finca Don Carlos, Magia de Uco, C\u00e1nepa, Laureano G\u00f3mez y tambi\u00e9n Cuvelier. Adem\u00e1s, llegar\u00e1n nueces con c\u00e1scara a granel de la empresa de Tunuy\u00e1n, Ivo Perab\u00f3.&nbsp;<\/p>\n\n\n\n<p><strong>Un&nbsp;<em>hub&nbsp;<\/em>estrat\u00e9gico para la regi\u00f3n<\/strong><\/p>\n\n\n\n<p>El&nbsp;<em>hub&nbsp;<\/em>log\u00edstico fue creado tras la firma de un convenio en octubre pasado -en el marco de la&nbsp;<a rel=\"noreferrer noopener\" href=\"https:\/\/www.promendoza.com\/es\/el-gobernador-dio-inicio-a-la-ronda-de-las-americas-un-megaencuentro-vitivinicola-que-se-realiza-en-mendoza\/\" target=\"_blank\">Ronda de las Am\u00e9ricas-<\/a>&nbsp;entre ProMendoza y el empresario brasile\u00f1o V\u00edtor Figueiredo, titular de la empresa<em>&nbsp;One Stop Comex<\/em>, con sede en Santa Catarina. El objetivo es fomentar la exportaci\u00f3n de productos y servicios mendocinos, generando un canal comercial \u00e1gil y eficiente para pymes y empresas del sector privado.<\/p>\n\n\n\n<p>En 2024, ya se hab\u00eda concretado el env\u00edo de un cami\u00f3n con 24 pallets de jugos y pulpa de frutas, que actualmente se distribuyen en supermercados de Paran\u00e1, Santa Catarina, R\u00edo Grande del Sur y parte del Estado de San Pablo.<\/p>\n\n\n\n<p><strong>Inter\u00e9s creciente por los productos mendocinos<\/strong><\/p>\n\n\n\n<p>En agosto de 2024, Figueiredo visit\u00f3 Mendoza durante cinco d\u00edas, en una misi\u00f3n comercial organizada por ProMendoza. Durante su estad\u00eda, m\u00e1s de 50 pymes locales presentaron productos como ajos, aceitunas, aceite de oliva, frutas frescas, pastas y alfajores.<\/p>\n\n\n\n<p>El empresario, cuya empresa forma parte de la red de cooperativas y supermercados Fecoagro, destac\u00f3 la alta calidad de los productos mendocinos y manifest\u00f3 su inter\u00e9s en establecer relaciones comerciales duraderas.<\/p>\n\n\n\n<p>La titular de ProMendoza, Patricia Gim\u00e9nez, valor\u00f3 especialmente el enfoque directo entre compradores y productores, clave para el comercio de productos frescos y de valor agregado.<\/p>\n\n\n\n<figure class=\"wp-block-gallery columns-1 is-cropped\"><ul class=\"blocks-gallery-grid\"><li class=\"blocks-gallery-item\"><figure><img loading=\"lazy\" width=\"1024\" height=\"576\" src=\"https:\/\/www.promendoza.com\/wp-content\/uploads\/2025\/07\/33-1536x864-1-1024x576.jpg\" alt=\"\" data-id=\"15956\" data-full-url=\"https:\/\/www.promendoza.com\/wp-content\/uploads\/2025\/07\/33-1536x864-1.jpg\" data-link=\"https:\/\/www.promendoza.com\/es\/?attachment_id=15956\" class=\"wp-image-15956\" srcset=\"https:\/\/www.promendoza.com\/wp-content\/uploads\/2025\/07\/33-1536x864-1-1024x576.jpg 1024w, https:\/\/www.promendoza.com\/wp-content\/uploads\/2025\/07\/33-1536x864-1-300x169.jpg 300w, https:\/\/www.promendoza.com\/wp-content\/uploads\/2025\/07\/33-1536x864-1-768x432.jpg 768w, https:\/\/www.promendoza.com\/wp-content\/uploads\/2025\/07\/33-1536x864-1-580x326.jpg 580w, https:\/\/www.promendoza.com\/wp-content\/uploads\/2025\/07\/33-1536x864-1-820x461.jpg 820w, https:\/\/www.promendoza.com\/wp-content\/uploads\/2025\/07\/33-1536x864-1-1160x653.jpg 1160w, https:\/\/www.promendoza.com\/wp-content\/uploads\/2025\/07\/33-1536x864-1.jpg 1536w\" sizes=\"(max-width: 1024px) 100vw, 1024px\" \/><\/figure><\/li><\/ul><\/figure>\n\n\n\n<p><\/p>\n","protected":false},"excerpt":{"rendered":"<p>La bodega Cuvelier Los Andes concret\u00f3 el primer env\u00edo de vinos al&nbsp;hub&nbsp;log\u00edstico de Santa Catarina, Brasil, como parte de la estrategia impulsada por ProMendoza para fortalecer la presencia de productos&#8230;<\/p>\n","protected":false},"author":1,"featured_media":15957,"comment_status":"closed","ping_status":"closed","sticky":false,"template":"","format":"image","meta":[],"categories":[94],"tags":[],"_links":{"self":[{"href":"https:\/\/www.promendoza.com\/en\/wp-json\/wp\/v2\/posts\/15955"}],"collection":[{"href":"https:\/\/www.promendoza.com\/en\/wp-json\/wp\/v2\/posts"}],"about":[{"href":"https:\/\/www.promendoza.com\/en\/wp-json\/wp\/v2\/types\/post"}],"author":[{"embeddable":true,"href":"https:\/\/www.promendoza.com\/en\/wp-json\/wp\/v2\/users\/1"}],"replies":[{"embeddable":true,"href":"https:\/\/www.promendoza.com\/en\/wp-json\/wp\/v2\/comments?post=15955"}],"version-history":[{"count":1,"href":"https:\/\/www.promendoza.com\/en\/wp-json\/wp\/v2\/posts\/15955\/revisions"}],"predecessor-version":[{"id":15958,"href":"https:\/\/www.promendoza.com\/en\/wp-json\/wp\/v2\/posts\/15955\/revisions\/15958"}],"wp:featuredmedia":[{"embeddable":true,"href":"https:\/\/www.promendoza.com\/en\/wp-json\/wp\/v2\/media\/15957"}],"wp:attachment":[{"href":"https:\/\/www.promendoza.com\/en\/wp-json\/wp\/v2\/media?parent=15955"}],"wp:term":[{"taxonomy":"category","embeddable":true,"href":"https:\/\/www.promendoza.com\/en\/wp-json\/wp\/v2\/categories?post=15955"},{"taxonomy":"post_tag","embeddable":true,"href":"https:\/\/www.promendoza.com\/en\/wp-json\/wp\/v2\/tags?post=15955"}],"curies":[{"name":"wp","href":"https:\/\/api.w.org\/{rel}","templated":true}]}}