{"id":15999,"date":"2025-08-14T09:56:00","date_gmt":"2025-08-14T12:56:00","guid":{"rendered":"https:\/\/www.promendoza.com\/es\/?p=15999"},"modified":"2025-08-18T09:58:40","modified_gmt":"2025-08-18T12:58:40","slug":"promendoza-invita-a-empresas-tecnologicas-a-mision-comercial-en-paraguay","status":"publish","type":"post","link":"https:\/\/www.promendoza.com\/en\/promendoza-invita-a-empresas-tecnologicas-a-mision-comercial-en-paraguay\/","title":{"rendered":"ProMendoza invita a empresas tecnol\u00f3gicas a misi\u00f3n comercial en Paraguay"},"content":{"rendered":"<style type=\"text\/css\"><\/style>\n<figure class=\"wp-block-image\"><img alt=\"\"\/><\/figure>\n\n\n\n<p><strong>Ser\u00e1 el 28 y 29 de octubre en Asunci\u00f3n, con rondas de negocios, visitas a empresas y actividades de networking. La convocatoria cierra el 26 de septiembre.<\/strong><\/p>\n\n\n\n<p>ProMendoza convoca a empresas de los sectores&nbsp;<em>startup, EdTech, GovTech, e-commerce, HealthTech, fintech<\/em>, ciberseguridad y log\u00edstica a participar en una misi\u00f3n comercial a Paraguay, organizada por el Ministerio de Relaciones Exteriores, Comercio Internacional y Culto de la Rep\u00fablica Argentina, a trav\u00e9s de la Direcci\u00f3n de Promoci\u00f3n de Exportaciones de Servicios Basados en el Conocimiento, Industrias Creativas, Turismo y Deportes (DNTEC).<\/p>\n\n\n\n<p>La actividad se realizar\u00e1 el 28 y 29 de octubre de 2025 y busca promover la internacionalizaci\u00f3n de empresas argentinas vinculadas a la tecnolog\u00eda y la innovaci\u00f3n. La agenda incluir\u00e1 reuniones con actores clave del ecosistema emprendedor y tecnol\u00f3gico paraguayo, visitas a empresas referentes del sector, paneles de expertos con autoridades y referentes del \u00e1mbito p\u00fablico y privado, rondas de negocios B2B con contrapartes locales seleccionadas especialmente para la delegaci\u00f3n argentina, y espacios de&nbsp;<em>networking<\/em>&nbsp;orientados a generar nuevas oportunidades comerciales y estrat\u00e9gicas.<\/p>\n\n\n\n<p>La inscripci\u00f3n estar\u00e1 abierta hasta el 26 de septiembre de 2025. Los gastos de pasajes, alojamiento y vi\u00e1ticos estar\u00e1n a cargo de las empresas participantes. Para consultas, los interesados pueden escribir a&nbsp;<a>mcdesoftware@mrecic.gov.ar<\/a>&nbsp;o a&nbsp;<a>dbonadeo@promendoza.com<\/a>.<\/p>\n","protected":false},"excerpt":{"rendered":"<p>Ser\u00e1 el 28 y 29 de octubre en Asunci\u00f3n, con rondas de negocios, visitas a empresas y actividades de networking. La convocatoria cierra el 26 de septiembre. ProMendoza convoca a&#8230;<\/p>\n","protected":false},"author":1,"featured_media":16000,"comment_status":"closed","ping_status":"closed","sticky":false,"template":"","format":"image","meta":[],"categories":[124],"tags":[],"_links":{"self":[{"href":"https:\/\/www.promendoza.com\/en\/wp-json\/wp\/v2\/posts\/15999"}],"collection":[{"href":"https:\/\/www.promendoza.com\/en\/wp-json\/wp\/v2\/posts"}],"about":[{"href":"https:\/\/www.promendoza.com\/en\/wp-json\/wp\/v2\/types\/post"}],"author":[{"embeddable":true,"href":"https:\/\/www.promendoza.com\/en\/wp-json\/wp\/v2\/users\/1"}],"replies":[{"embeddable":true,"href":"https:\/\/www.promendoza.com\/en\/wp-json\/wp\/v2\/comments?post=15999"}],"version-history":[{"count":2,"href":"https:\/\/www.promendoza.com\/en\/wp-json\/wp\/v2\/posts\/15999\/revisions"}],"predecessor-version":[{"id":16002,"href":"https:\/\/www.promendoza.com\/en\/wp-json\/wp\/v2\/posts\/15999\/revisions\/16002"}],"wp:featuredmedia":[{"embeddable":true,"href":"https:\/\/www.promendoza.com\/en\/wp-json\/wp\/v2\/media\/16000"}],"wp:attachment":[{"href":"https:\/\/www.promendoza.com\/en\/wp-json\/wp\/v2\/media?parent=15999"}],"wp:term":[{"taxonomy":"category","embeddable":true,"href":"https:\/\/www.promendoza.com\/en\/wp-json\/wp\/v2\/categories?post=15999"},{"taxonomy":"post_tag","embeddable":true,"href":"https:\/\/www.promendoza.com\/en\/wp-json\/wp\/v2\/tags?post=15999"}],"curies":[{"name":"wp","href":"https:\/\/api.w.org\/{rel}","templated":true}]}}