{"id":16057,"date":"2025-09-12T11:11:00","date_gmt":"2025-09-12T14:11:00","guid":{"rendered":"https:\/\/www.promendoza.com\/es\/?p=16057"},"modified":"2025-09-19T11:21:24","modified_gmt":"2025-09-19T14:21:24","slug":"de-mendoza-al-mundo-storytelling-como-herramienta-para-pymes-exportadoras","status":"publish","type":"post","link":"https:\/\/www.promendoza.com\/en\/de-mendoza-al-mundo-storytelling-como-herramienta-para-pymes-exportadoras\/","title":{"rendered":"De Mendoza al mundo: storytelling como herramienta para pymes exportadoras"},"content":{"rendered":"<style type=\"text\/css\"><\/style>\n<figure class=\"wp-block-image\"><img alt=\"\"\/><\/figure>\n\n\n\n<p><strong>ProMendoza organiz\u00f3 una nueva capacitaci\u00f3n para empresas locales de la mano de un experto en comunicaci\u00f3n.<\/strong>ProMendoza llev\u00f3 a cabo una nueva edici\u00f3n de los Talleres Opcionales ProMendoza (TOP), en esta ocasi\u00f3n dedicada al&nbsp;<em>storytelling<\/em>&nbsp;como herramienta estrat\u00e9gica para mejorar la comunicaci\u00f3n de las pymes. La actividad estuvo a cargo de Esteban Ruiz, director ejecutivo de Retina, especialista en narrativa de marca y comunicaci\u00f3n digital.Durante la apertura, la gerenta general de ProMendoza, Patricia Gim\u00e9nez, remarc\u00f3: \u201cLa mayor dificultad que vemos en las pymes al momento de vender es poder contar su esencia. Y para transmitir esa esencia hay que tener una historia clara\u201d.La charla, realizada en modalidad virtual, convoc\u00f3 a decenas de empresarios y emprendedores interesados en descubrir c\u00f3mo contar la historia de su empresa o producto de una manera que conecte emocionalmente con sus clientes y potencie sus posibilidades de inserci\u00f3n internacional.<strong>Concurso \u201cCre\u00e1 Tu Marca Exportadora\u201d<\/strong>En el marco del encuentro, ProMendoza lanz\u00f3 el concurso \u201cCre\u00e1 Tu Marca Exportadora\u201d, exclusivo para empresas participantes del Programa \u00c1gil Nex (ediciones 2024 y 2025). El certamen ofreci\u00f3 la posibilidad de acceder a cuatro horas gratuitas de consultor\u00eda personalizada con el especialista, orientadas a fortalecer la narrativa exportadora de cada proyecto.De las 39 empresas elegibles, se seleccionar\u00e1n seis proyectos seg\u00fan criterios de calidad, potencial y compromiso. Las firmas ganadoras podr\u00e1n elegir uno de los siguientes entregables para trabajar en profundidad:\u2022&nbsp;&nbsp;&nbsp;&nbsp;&nbsp;&nbsp;&nbsp;&nbsp;&nbsp;&nbsp;&nbsp;&nbsp;&nbsp;<em>Pitch<\/em>&nbsp;de venta de 3 minutos para ronda inversa (narrativa de marca).\u2022&nbsp;&nbsp;&nbsp;&nbsp;&nbsp;&nbsp;&nbsp;&nbsp;&nbsp;&nbsp;&nbsp;&nbsp; Guion para lanzamiento de producto o video.\u2022&nbsp;&nbsp;&nbsp;&nbsp;&nbsp;&nbsp;&nbsp;&nbsp;&nbsp;&nbsp;&nbsp;&nbsp; Correcci\u00f3n o redacci\u00f3n del&nbsp;<em>Homepage<\/em>&nbsp;y&nbsp;<em>About<\/em>&nbsp;del sitio&nbsp;<em>web<\/em>.Con esta iniciativa, ProMendoza reafirm\u00f3 su compromiso de acompa\u00f1ar a las pymes mendocinas en el fortalecimiento de sus capacidades comunicacionales, entendiendo que la construcci\u00f3n de una narrativa s\u00f3lida y diferenciadora es un factor clave para mejorar la competitividad internacional. Si ten\u00e9s o trabajas en una empresa del Programa \u00c1gil NEX pod\u00e9s postular al concurso ac\u00e1&nbsp;<img src=\"https:\/\/fonts.gstatic.com\/s\/e\/notoemoji\/16.0\/1f449_1f3fc\/32.png\" alt=\"\ud83d\udc49\ud83c\udffc\"><a href=\"http:\/\/bit.ly\/PostulaConcursoMarcaExportadora\" target=\"_blank\" rel=\"noreferrer noopener\">bit.ly\/PostulaConcursoMarcaExportadora<\/a>&nbsp;hasta el 17 de septiembre.<strong>Acerca de Esteban Ruiz y Retina<\/strong>El expositor, Esteban Ruiz, es licenciado en Comunicaci\u00f3n Social y Mag\u00edster en Comunicaci\u00f3n y Educaci\u00f3n. Con m\u00e1s de 15 a\u00f1os de trayectoria, se ha especializado en&nbsp;<em>storytelling<\/em>&nbsp;estrat\u00e9gico y en el desarrollo de narrativas que impulsan decisiones de negocio. Fundador de Retina (<a href=\"https:\/\/retina.com.ar\/\" target=\"_blank\" rel=\"noreferrer noopener\">https:\/\/retina.com.ar\/<\/a>), combina su experiencia como guionista, director audiovisual, docente universitario y consultor para marcas, emprendedores y directores ejecutivos. Su trabajo se centra en ayudar a las empresas a diferenciarse, construir relatos memorables y transformar su comunicaci\u00f3n en una herramienta concreta para generar ventas y posicionamiento en el mercado.Para m\u00e1s informaci\u00f3n, comunicarse con Luciano Romero,&nbsp;<a href=\"mailto:lromero@promendoza.com\" target=\"_blank\" rel=\"noreferrer noopener\">lromero@promendoza.com<\/a><\/p>\n","protected":false},"excerpt":{"rendered":"<p>ProMendoza organiz\u00f3 una nueva capacitaci\u00f3n para empresas locales de la mano de un experto en comunicaci\u00f3n.ProMendoza llev\u00f3 a cabo una nueva edici\u00f3n de los Talleres Opcionales ProMendoza (TOP), en esta&#8230;<\/p>\n","protected":false},"author":1,"featured_media":16058,"comment_status":"closed","ping_status":"closed","sticky":false,"template":"","format":"image","meta":[],"categories":[123],"tags":[],"_links":{"self":[{"href":"https:\/\/www.promendoza.com\/en\/wp-json\/wp\/v2\/posts\/16057"}],"collection":[{"href":"https:\/\/www.promendoza.com\/en\/wp-json\/wp\/v2\/posts"}],"about":[{"href":"https:\/\/www.promendoza.com\/en\/wp-json\/wp\/v2\/types\/post"}],"author":[{"embeddable":true,"href":"https:\/\/www.promendoza.com\/en\/wp-json\/wp\/v2\/users\/1"}],"replies":[{"embeddable":true,"href":"https:\/\/www.promendoza.com\/en\/wp-json\/wp\/v2\/comments?post=16057"}],"version-history":[{"count":3,"href":"https:\/\/www.promendoza.com\/en\/wp-json\/wp\/v2\/posts\/16057\/revisions"}],"predecessor-version":[{"id":16065,"href":"https:\/\/www.promendoza.com\/en\/wp-json\/wp\/v2\/posts\/16057\/revisions\/16065"}],"wp:featuredmedia":[{"embeddable":true,"href":"https:\/\/www.promendoza.com\/en\/wp-json\/wp\/v2\/media\/16058"}],"wp:attachment":[{"href":"https:\/\/www.promendoza.com\/en\/wp-json\/wp\/v2\/media?parent=16057"}],"wp:term":[{"taxonomy":"category","embeddable":true,"href":"https:\/\/www.promendoza.com\/en\/wp-json\/wp\/v2\/categories?post=16057"},{"taxonomy":"post_tag","embeddable":true,"href":"https:\/\/www.promendoza.com\/en\/wp-json\/wp\/v2\/tags?post=16057"}],"curies":[{"name":"wp","href":"https:\/\/api.w.org\/{rel}","templated":true}]}}