{"id":16135,"date":"2025-10-27T11:21:00","date_gmt":"2025-10-27T14:21:00","guid":{"rendered":"https:\/\/www.promendoza.com\/es\/?p=16135"},"modified":"2025-12-01T11:23:17","modified_gmt":"2025-12-01T14:23:17","slug":"vino-mendocino-alcanza-un-nuevo-mercado-con-el-apoyo-de-promendoza","status":"publish","type":"post","link":"https:\/\/www.promendoza.com\/en\/vino-mendocino-alcanza-un-nuevo-mercado-con-el-apoyo-de-promendoza\/","title":{"rendered":"Vino mendocino alcanza un nuevo mercado con el apoyo de ProMendoza"},"content":{"rendered":"<style type=\"text\/css\"><\/style>\n<figure class=\"wp-block-image\"><img alt=\"\"\/><\/figure>\n\n\n\n<p><strong>La bodega Vi\u00f1a Alta, con base productiva en San Mart\u00edn, concret\u00f3 su primera exportaci\u00f3n a Dinamarca tras una agenda de negocios con un importador dan\u00e9s que organiz\u00f3 ProMendoza en agosto pasado.<\/strong><\/p>\n\n\n\n<p>El env\u00edo incluye cuatro varietales: chardonnay, malbec, Pedro Xim\u00e9nez y ancellotta. Este \u00faltimo es considerado el vino \u00edcono de la bodega, con una crianza de 30 meses en barrica. \u201cSon vinos jugosos, frutados, tranquilos, con una madera bien integrada, prolija y elegante\u201d, describi\u00f3 Emiliano Rico, uno de los titulares de la bodega familiar.<\/p>\n\n\n\n<p>\u201cEstamos enviando vinos de distintas gamas de precio: el 40 por ciento de la carga corresponde a etiquetas de 2,75 d\u00f3lares, otro 40% a 4,30 d\u00f3lares y el 20% a vinos de 12 d\u00f3lares. Esto nos entusiasma porque demuestra que nuestras propuestas tienen potencial de crecimiento en ese mercado\u201d, destac\u00f3 Rico.<\/p>\n\n\n\n<p>La distribuci\u00f3n comenzar\u00e1 en Copenhague, que funcionar\u00e1 como puerta de entrada al mercado dan\u00e9s. El importador, que inicia sus operaciones con vinos mendocinos, proyecta expandirse gradualmente en el canal Horeca (hoteles, restaurantes y&nbsp;<em>catering<\/em>), as\u00ed como en ventas directas a consumidores a trav\u00e9s de su club de vinos.<\/p>\n\n\n\n<p>La operaci\u00f3n se concret\u00f3 luego de la visita de Henrik Jeppesen, importador dan\u00e9s, y su socia argentina Samanta Dom\u00ednguez, quienes participaron en una agenda organizada por ProMendoza para identificar vinos con potencial de exportaci\u00f3n hacia Europa y Asia.<\/p>\n\n\n\n<p>Durante su estad\u00eda, Jeppesen mantuvo reuniones B2B con 16 bodegas mendocinas, visit\u00f3 establecimientos productivos y particip\u00f3 en sesiones de&nbsp;<em>wine tasting<\/em>, donde explor\u00f3 propuestas de malbec, vinos org\u00e1nicos y opciones de baja graduaci\u00f3n alcoh\u00f3lica, alineadas con las tendencias de consumo del norte europeo. Esta es la primera operaci\u00f3n ya confirmada de varias que est\u00e1n muy avanzadas.<\/p>\n","protected":false},"excerpt":{"rendered":"<p>La bodega Vi\u00f1a Alta, con base productiva en San Mart\u00edn, concret\u00f3 su primera exportaci\u00f3n a Dinamarca tras una agenda de negocios con un importador dan\u00e9s que organiz\u00f3 ProMendoza en agosto&#8230;<\/p>\n","protected":false},"author":1,"featured_media":16136,"comment_status":"closed","ping_status":"closed","sticky":false,"template":"","format":"image","meta":[],"categories":[126],"tags":[],"_links":{"self":[{"href":"https:\/\/www.promendoza.com\/en\/wp-json\/wp\/v2\/posts\/16135"}],"collection":[{"href":"https:\/\/www.promendoza.com\/en\/wp-json\/wp\/v2\/posts"}],"about":[{"href":"https:\/\/www.promendoza.com\/en\/wp-json\/wp\/v2\/types\/post"}],"author":[{"embeddable":true,"href":"https:\/\/www.promendoza.com\/en\/wp-json\/wp\/v2\/users\/1"}],"replies":[{"embeddable":true,"href":"https:\/\/www.promendoza.com\/en\/wp-json\/wp\/v2\/comments?post=16135"}],"version-history":[{"count":1,"href":"https:\/\/www.promendoza.com\/en\/wp-json\/wp\/v2\/posts\/16135\/revisions"}],"predecessor-version":[{"id":16137,"href":"https:\/\/www.promendoza.com\/en\/wp-json\/wp\/v2\/posts\/16135\/revisions\/16137"}],"wp:featuredmedia":[{"embeddable":true,"href":"https:\/\/www.promendoza.com\/en\/wp-json\/wp\/v2\/media\/16136"}],"wp:attachment":[{"href":"https:\/\/www.promendoza.com\/en\/wp-json\/wp\/v2\/media?parent=16135"}],"wp:term":[{"taxonomy":"category","embeddable":true,"href":"https:\/\/www.promendoza.com\/en\/wp-json\/wp\/v2\/categories?post=16135"},{"taxonomy":"post_tag","embeddable":true,"href":"https:\/\/www.promendoza.com\/en\/wp-json\/wp\/v2\/tags?post=16135"}],"curies":[{"name":"wp","href":"https:\/\/api.w.org\/{rel}","templated":true}]}}