{"id":16234,"date":"2026-01-20T12:26:00","date_gmt":"2026-01-20T15:26:00","guid":{"rendered":"https:\/\/www.promendoza.com\/es\/?p=16234"},"modified":"2026-01-27T12:30:14","modified_gmt":"2026-01-27T15:30:14","slug":"vermut-federal-concreto-su-primera-exportacion-y-llego-a-chile","status":"publish","type":"post","link":"https:\/\/www.promendoza.com\/en\/vermut-federal-concreto-su-primera-exportacion-y-llego-a-chile\/","title":{"rendered":"Vermut Federal concret\u00f3 su primera exportaci\u00f3n y lleg\u00f3 a Chile"},"content":{"rendered":"<style type=\"text\/css\"><\/style>\n<figure class=\"wp-block-image\"><img alt=\"\"\/><\/figure>\n\n\n\n<h5>La empresa Vermut Federal es un proyecto nacional surgido del trabajo y la dedicaci\u00f3n de un grupo de amigos de diferentes partes del pa\u00eds que eligieron Mendoza como sede. Concret\u00f3 su primera exportaci\u00f3n internacional al llegar al mercado chileno, con lo que marc\u00f3 un hito en su historia y en la expansi\u00f3n de los aperitivos locales hacia el mundo.<\/h5>\n\n\n\n<p>El desembarco en Chile representa un objetivo cumplido y, al mismo tiempo, el inicio de una nueva etapa para la marca, que rinde homenaje a la mixtura de \u201cser argentino\u201d tanto en su receta como en su identidad visual. La empresa trabaja de manera articulada con ProMendoza y ha participado en ferias internacionales, como las realizadas en Per\u00fa, adem\u00e1s de integrar acciones de promoci\u00f3n del comercio exterior de bebidas y destilados mendocinos.<\/p>\n\n\n\n<p>\u201cPara nosotros, cruzar las fronteras por primera vez con el vermut significa un gran objetivo y tambi\u00e9n un desaf\u00edo\u201d, explic\u00f3 Manuel Ortega, uno de los socios de Vermut Federal. \u201cEs un espacio desconocido que ahora empezamos a explorar, con la expectativa de que el producto se mueva, se consuma y guste, especialmente en las barras de los bares, restaurantes y puntos de venta\u201d, se\u00f1al\u00f3.<\/p>\n\n\n\n<p>Seg\u00fan Ortega, Chile es apenas el primer paso de un plan de expansi\u00f3n m\u00e1s amplio. Actualmente, la empresa mantiene conversaciones con potenciales socios comerciales en Per\u00fa, Brasil, Uruguay, Estados Unidos y Espa\u00f1a, con el objetivo de seguir posicionando el vermut argentino en mercados internacionales.<\/p>\n\n\n\n<p>El crecimiento de la marca tambi\u00e9n fue respaldado por importantes reconocimientos. En los&nbsp;<em>World Drink Awards&nbsp;<\/em>2025, Vermut Federal obtuvo una medalla de bronce para su variedad&nbsp;<em>rosso<\/em>&nbsp;y dos medallas de plata por el dise\u00f1o de su etiqueta. Adem\u00e1s, recibi\u00f3 una medalla de oro en el concurso internacional Vinus, que se realiza en Mendoza. \u201cQue la etiqueta haya sido premiada es muy significativo, porque representa nuestros paisajes, nuestra cultura y mucha argentinidad. Nos demuestra que hay lugar para m\u00e1s productos argentinos de calidad en el mundo\u201d, destac\u00f3 Ortega.<\/p>\n\n\n\n<p>El \u00faltimo a\u00f1o fue especialmente positivo para la empresa. Entre los principales hitos se destacan la primera exportaci\u00f3n, el ingreso a cadenas de comercializaci\u00f3n como Coto y a plataformas como PedidosYa, el crecimiento de las ventas a nivel nacional y una fuerte agenda de acciones de relacionamiento empresarial. A eso se sum\u00f3 el reconocimiento internacional obtenido en Inglaterra, que reforz\u00f3 el posicionamiento de la marca.<\/p>\n\n\n\n<p>De cara al futuro, los due\u00f1os de Vermut Federal planean lanzar nuevos productos, con presentaciones previstas para marzo y septiembre, y continuar ampliando su equipo comercial. \u201cEstos logros motivan mucho al equipo. La idea es seguir creciendo, consolidarnos y llegar a m\u00e1s lugares\u201d, explic\u00f3 el socio.<\/p>\n\n\n\n<p>Uno de los diferenciales del vermut es su versatilidad y su identidad. Inspirado en los vermuts tradicionales espa\u00f1oles, pero con un marcado toque argentino, se destaca por su&nbsp;<em>tomabilidad<\/em>&nbsp;y por adaptarse tanto al consumo solo como a la cocteler\u00eda, con soda o t\u00f3nica. \u201cEs un producto amigable, que se siente conocido aunque sea nuevo, y que representa la nostalgia, la amistad y la uni\u00f3n\u201d, afirm\u00f3 Ortega.<\/p>\n\n\n\n<p>La identidad federal tambi\u00e9n se refleja en sus insumos: el vino proviene de Mendoza; la yerba mate, de Misiones; el alcohol, de C\u00f3rdoba; la manzanilla, de Neuqu\u00e9n, y el mosto de pera, de R\u00edo Negro, entre otros ingredientes. \u201cCuando abr\u00eds una botella de Vermut Federal, est\u00e1s tomando el trabajo de productores de distintas partes del pa\u00eds\u201d, concluy\u00f3.<\/p>\n","protected":false},"excerpt":{"rendered":"<p>La empresa Vermut Federal es un proyecto nacional surgido del trabajo y la dedicaci\u00f3n de un grupo de amigos de diferentes partes del pa\u00eds que eligieron Mendoza como sede. Concret\u00f3&#8230;<\/p>\n","protected":false},"author":1,"featured_media":16235,"comment_status":"closed","ping_status":"closed","sticky":false,"template":"","format":"image","meta":[],"categories":[47],"tags":[],"_links":{"self":[{"href":"https:\/\/www.promendoza.com\/en\/wp-json\/wp\/v2\/posts\/16234"}],"collection":[{"href":"https:\/\/www.promendoza.com\/en\/wp-json\/wp\/v2\/posts"}],"about":[{"href":"https:\/\/www.promendoza.com\/en\/wp-json\/wp\/v2\/types\/post"}],"author":[{"embeddable":true,"href":"https:\/\/www.promendoza.com\/en\/wp-json\/wp\/v2\/users\/1"}],"replies":[{"embeddable":true,"href":"https:\/\/www.promendoza.com\/en\/wp-json\/wp\/v2\/comments?post=16234"}],"version-history":[{"count":2,"href":"https:\/\/www.promendoza.com\/en\/wp-json\/wp\/v2\/posts\/16234\/revisions"}],"predecessor-version":[{"id":16237,"href":"https:\/\/www.promendoza.com\/en\/wp-json\/wp\/v2\/posts\/16234\/revisions\/16237"}],"wp:featuredmedia":[{"embeddable":true,"href":"https:\/\/www.promendoza.com\/en\/wp-json\/wp\/v2\/media\/16235"}],"wp:attachment":[{"href":"https:\/\/www.promendoza.com\/en\/wp-json\/wp\/v2\/media?parent=16234"}],"wp:term":[{"taxonomy":"category","embeddable":true,"href":"https:\/\/www.promendoza.com\/en\/wp-json\/wp\/v2\/categories?post=16234"},{"taxonomy":"post_tag","embeddable":true,"href":"https:\/\/www.promendoza.com\/en\/wp-json\/wp\/v2\/tags?post=16234"}],"curies":[{"name":"wp","href":"https:\/\/api.w.org\/{rel}","templated":true}]}}