{"id":16364,"date":"2026-03-02T12:53:00","date_gmt":"2026-03-02T15:53:00","guid":{"rendered":"https:\/\/www.promendoza.com\/es\/?p=16364"},"modified":"2026-03-03T12:54:17","modified_gmt":"2026-03-03T15:54:17","slug":"mendoza-refuerza-su-proyeccion-internacional-con-misiones-comerciales-en-canada-espana-panama-y-alemania","status":"publish","type":"post","link":"https:\/\/www.promendoza.com\/en\/mendoza-refuerza-su-proyeccion-internacional-con-misiones-comerciales-en-canada-espana-panama-y-alemania\/","title":{"rendered":"Mendoza refuerza su proyecci\u00f3n internacional con misiones comerciales en Canad\u00e1, Espa\u00f1a, Panam\u00e1 y Alemania"},"content":{"rendered":"<style type=\"text\/css\"><\/style>\n<figure class=\"wp-block-image\"><img alt=\"\"\/><\/figure>\n\n\n\n<h5>El cronograma de viajes forma parte del plan de diversificaci\u00f3n exportadora que busca ampliar la presencia de empresas mendocinas en mercados estrat\u00e9gicos y generar nuevas oportunidades comerciales.<\/h5>\n\n\n\n<p>Mendoza inicia marzo con una s\u00f3lida estrategia de promoci\u00f3n internacional impulsada por ProMendoza, que participa y acompa\u00f1a empresas locales en cuatro de las ferias m\u00e1s influyentes del calendario global. La agenda incluye acciones en Canad\u00e1, Espa\u00f1a, Panam\u00e1 y Alemania, orientadas a fortalecer el posicionamiento de la provincia en los sectores minero, oliv\u00edcola, alimentario, log\u00edstico y vitivin\u00edcola. Este programa forma parte del plan de diversificaci\u00f3n exportadora que busca ampliar la presencia de empresas mendocinas en mercados estrat\u00e9gicos y generar nuevas oportunidades comerciales.<\/p>\n\n\n\n<p>La primera escala ser\u00e1 en Toronto, donde del 1 al 4 de marzo se desarrolla la Prospectors &#038; Developers Association of Canada 2026 (PDAC), considerada la feria minera m\u00e1s importante del mundo. El encuentro re\u00fane a m\u00e1s de 25.000 asistentes de 130 pa\u00edses y cerca de 1.000 expositores. Junto a ProMendoza 15 empresas vinculadas con productos y servicios para la miner\u00eda integran la misi\u00f3n, encabezada por la vicegobernadora Hebe Casado y la ministra Jimena Latorre. Acompa\u00f1an tambi\u00e9n dos c\u00e1maras empresariales afines: C\u00e1mara Mendocina de Empresarios Mineros (CAMEM) y Asociaci\u00f3n de Industriales Metal\u00fargicos de Mendoza (Asinmet). La participaci\u00f3n provincial es clave para atraer inversiones, presentar proyectos y profundizar el an\u00e1lisis geopol\u00edtico del sector, en un momento de creciente demanda global de minerales cr\u00edticos.<\/p>\n\n\n\n<p>En paralelo, del 3 al 4 de marzo, once empresas mendocinas certificadas participar\u00e1n de la World Olive Oil Exhibition 2026 (WOOE) en Ifema Madrid. Con m\u00e1s de 400 firmas de 59 pa\u00edses, la feria es el principal punto de encuentro mundial para el sector oliv\u00edcola y un espacio estrat\u00e9gico para avanzar en la diversificaci\u00f3n hacia mercados europeos, asi\u00e1ticos, latinoamericanos y de Oriente Medio. La presencia de Mendoza se complementar\u00e1 con acciones promocionales de Emetur.<\/p>\n\n\n\n<p>La agenda continuar\u00e1 en Panam\u00e1 del 10 al 12 de marzo, donde la provincia formar\u00e1 parte de Expocomer 2026, la feria multisectorial m\u00e1s relevante de Am\u00e9rica Latina. Un grupo de 15 empresas mendocinas de los sectores alimentario y vitivin\u00edcola exhibir\u00e1 sus productos en un pabell\u00f3n nacional especialmente dise\u00f1ado para la ocasi\u00f3n. Con la participaci\u00f3n anual de entre 600 y 800 compa\u00f1\u00edas de m\u00e1s de 30 pa\u00edses, Expocomer funciona como una vidriera privilegiada para el comercio internacional, impulsando exportaciones y fomentando nuevas alianzas en rubros como alimentos, tecnolog\u00eda, textiles, log\u00edstica y turismo.<\/p>\n\n\n\n<p>Finalmente, del 15 al 17 de marzo, ProMendoza acompa\u00f1ar\u00e1 a bodegas y empresas del sector en ProWein 2026, en D\u00fcsseldorf, Alemania. Reconocida como la feria l\u00edder mundial de vinos y espirituosos, ProWein convoca a 4.200 expositores de 65 pa\u00edses y a m\u00e1s de 42.000 visitantes profesionales. El encuentro es central para la negociaci\u00f3n comercial, el&nbsp;<em>networking<\/em>&nbsp;especializado y la presentaci\u00f3n de nuevas cosechas y tendencias, con impacto directo en mercados prioritarios como Estados Unidos, Reino Unido, Jap\u00f3n y China.<\/p>\n\n\n\n<p>Con esta agenda estrat\u00e9gica, Mendoza consolida su presencia en los principales escenarios internacionales de negocios, fortaleciendo la competitividad de sus sectores productivos y ampliando su alcance en el comercio global.<\/p>\n","protected":false},"excerpt":{"rendered":"<p>El cronograma de viajes forma parte del plan de diversificaci\u00f3n exportadora que busca ampliar la presencia de empresas mendocinas en mercados estrat\u00e9gicos y generar nuevas oportunidades comerciales. Mendoza inicia marzo&#8230;<\/p>\n","protected":false},"author":1,"featured_media":16365,"comment_status":"closed","ping_status":"closed","sticky":false,"template":"","format":"image","meta":[],"categories":[110],"tags":[],"_links":{"self":[{"href":"https:\/\/www.promendoza.com\/en\/wp-json\/wp\/v2\/posts\/16364"}],"collection":[{"href":"https:\/\/www.promendoza.com\/en\/wp-json\/wp\/v2\/posts"}],"about":[{"href":"https:\/\/www.promendoza.com\/en\/wp-json\/wp\/v2\/types\/post"}],"author":[{"embeddable":true,"href":"https:\/\/www.promendoza.com\/en\/wp-json\/wp\/v2\/users\/1"}],"replies":[{"embeddable":true,"href":"https:\/\/www.promendoza.com\/en\/wp-json\/wp\/v2\/comments?post=16364"}],"version-history":[{"count":2,"href":"https:\/\/www.promendoza.com\/en\/wp-json\/wp\/v2\/posts\/16364\/revisions"}],"predecessor-version":[{"id":16367,"href":"https:\/\/www.promendoza.com\/en\/wp-json\/wp\/v2\/posts\/16364\/revisions\/16367"}],"wp:featuredmedia":[{"embeddable":true,"href":"https:\/\/www.promendoza.com\/en\/wp-json\/wp\/v2\/media\/16365"}],"wp:attachment":[{"href":"https:\/\/www.promendoza.com\/en\/wp-json\/wp\/v2\/media?parent=16364"}],"wp:term":[{"taxonomy":"category","embeddable":true,"href":"https:\/\/www.promendoza.com\/en\/wp-json\/wp\/v2\/categories?post=16364"},{"taxonomy":"post_tag","embeddable":true,"href":"https:\/\/www.promendoza.com\/en\/wp-json\/wp\/v2\/tags?post=16364"}],"curies":[{"name":"wp","href":"https:\/\/api.w.org\/{rel}","templated":true}]}}