{"id":16447,"date":"2026-03-14T09:18:00","date_gmt":"2026-03-14T12:18:00","guid":{"rendered":"https:\/\/www.promendoza.com\/es\/?p=16447"},"modified":"2026-03-16T09:24:45","modified_gmt":"2026-03-16T12:24:45","slug":"empresas-mendocinas-participaron-en-expocomer-panama-y-buscaron-ampliar-mercados-en-centroamerica","status":"publish","type":"post","link":"https:\/\/www.promendoza.com\/en\/empresas-mendocinas-participaron-en-expocomer-panama-y-buscaron-ampliar-mercados-en-centroamerica\/","title":{"rendered":"Empresas mendocinas participaron en Expocomer Panam\u00e1 y buscaron ampliar mercados en Centroam\u00e9rica"},"content":{"rendered":"<style type=\"text\/css\"><\/style>\n<figure class=\"wp-block-image\"><img alt=\"\"\/><\/figure>\n\n\n\n<h2>Quince firmas de la provincia integraron el Pabell\u00f3n Argentino en una de las ferias comerciales m\u00e1s importantes de la regi\u00f3n. Hubo rondas de negocios, promoci\u00f3n tur\u00edstica y acciones para posicionar a Panam\u00e1 como&nbsp;<em>hub<\/em>&nbsp;log\u00edstico para alimentos y bebidas.<\/h2>\n\n\n\n<p>Del 10 al 12 de marzo, empresas de Mendoza participaron en Expocomer, la exposici\u00f3n comercial m\u00e1s importante de Panam\u00e1 y una de las principales de Centroam\u00e9rica y el Caribe. La misi\u00f3n fue organizada por ProMendoza y reuni\u00f3 a quince firmas de la provincia que exhibieron su oferta de alimentos y bebidas en el Pabell\u00f3n Argentino.<\/p>\n\n\n\n<p>El espacio nacional fue coordinado por la Agencia Argentina de Inversiones y Comercio Internacional y permiti\u00f3 a las empresas mendocinas mostrar sus productos y generar contactos comerciales con compradores de distintos pa\u00edses de la regi\u00f3n.<\/p>\n\n\n\n<p>Uno de los momentos destacados fue la Ronda Internacional de Negocios, que convoc\u00f3 a m\u00e1s de 50 compradores multiproducto de Am\u00e9rica Latina y el Caribe, y que se convirti\u00f3 en una plataforma clave para abrir oportunidades comerciales y ampliar la presencia de productos mendocinos en Panam\u00e1 y mercados cercanos.<\/p>\n\n\n\n<p>La delegaci\u00f3n provincial estuvo encabezada por la titular de ProMendoza, Patricia Gim\u00e9nez, quien remarc\u00f3 la importancia de consolidar la presencia de la provincia en este tipo de eventos internacionales.<\/p>\n\n\n\n<p>Durante la feria tambi\u00e9n se realiz\u00f3 la presentaci\u00f3n de una canasta de productos mendocinos con certificaci\u00f3n&nbsp;<em>kosher<\/em>, entre ellos vinos, aceite de oliva, ciruelas desecadas y encurtidos. La iniciativa permiti\u00f3 mostrar parte de la diversidad de la oferta provincial y explorar nichos espec\u00edficos dentro del mercado regional.<\/p>\n\n\n\n<p>Participaron las empresas F\u00e9nix SA (jugos de fruta), Lamadrid Estate Wines, Deos Wines, Bodega Contrafatto y la Cooperativa General Alvear (vinos embotellados), Tepec SRL (conservas de frutas y hortalizas), Perlas del Sur SRL (conservas de tomate), Cirexa y Cimafr\u00fa (frutas desecadas), Patagonia Gourmet (aceite de oliva kosher), Huentala Wines (vino kosher), Endumel (miel gourmet y con frutas secas), Cashuati SRL (dulce de membrillo), Cultura Campo (or\u00e9gano) y Alcaraz (encurtidos).<\/p>\n\n\n\n<p>Otra de las novedades de esta edici\u00f3n fue la presencia institucional del Ente Mendoza Turismo (Emetur) en Expoturismo, donde se realiz\u00f3 una presentaci\u00f3n dirigida a operadores tur\u00edsticos de Panam\u00e1 y Centroam\u00e9rica para promocionar a Mendoza como destino. Esta agenda cont\u00f3 con el acompa\u00f1amiento de Copa Airlines.<\/p>\n\n\n\n<p>La feria se organiz\u00f3 en tres \u00e1reas complementarias: Expocomer, enfocada en productos y servicios; Expoturismo, dedicada a la promoci\u00f3n de destinos, y Expolog\u00edstica, centrada en servicios log\u00edsticos. Su alcance regional la convierte en una plataforma estrat\u00e9gica para la internacionalizaci\u00f3n de empresas y destinos.<\/p>\n\n\n\n<p>En el marco de la misi\u00f3n, ProMendoza tambi\u00e9n realiz\u00f3 visitas a la Zona Libre de Col\u00f3n y a la empresa Global Cargo, operador log\u00edstico que ofrece condiciones competitivas para el almacenamiento de vinos y alimentos. Contar con productos en zona franca facilita la distribuci\u00f3n y comercializaci\u00f3n tanto en Panam\u00e1 como en otros mercados de Centroam\u00e9rica y el Caribe.<\/p>\n\n\n\n<p>La agenda incluy\u00f3 adem\u00e1s una presentaci\u00f3n y degustaci\u00f3n de vinos mendocinos dirigida a potenciales clientes y compradores de la regi\u00f3n.<\/p>\n","protected":false},"excerpt":{"rendered":"<p>Quince firmas de la provincia integraron el Pabell\u00f3n Argentino en una de las ferias comerciales m\u00e1s importantes de la regi\u00f3n. Hubo rondas de negocios, promoci\u00f3n tur\u00edstica y acciones para posicionar&#8230;<\/p>\n","protected":false},"author":1,"featured_media":16448,"comment_status":"closed","ping_status":"closed","sticky":false,"template":"","format":"image","meta":[],"categories":[98],"tags":[],"_links":{"self":[{"href":"https:\/\/www.promendoza.com\/en\/wp-json\/wp\/v2\/posts\/16447"}],"collection":[{"href":"https:\/\/www.promendoza.com\/en\/wp-json\/wp\/v2\/posts"}],"about":[{"href":"https:\/\/www.promendoza.com\/en\/wp-json\/wp\/v2\/types\/post"}],"author":[{"embeddable":true,"href":"https:\/\/www.promendoza.com\/en\/wp-json\/wp\/v2\/users\/1"}],"replies":[{"embeddable":true,"href":"https:\/\/www.promendoza.com\/en\/wp-json\/wp\/v2\/comments?post=16447"}],"version-history":[{"count":3,"href":"https:\/\/www.promendoza.com\/en\/wp-json\/wp\/v2\/posts\/16447\/revisions"}],"predecessor-version":[{"id":16451,"href":"https:\/\/www.promendoza.com\/en\/wp-json\/wp\/v2\/posts\/16447\/revisions\/16451"}],"wp:featuredmedia":[{"embeddable":true,"href":"https:\/\/www.promendoza.com\/en\/wp-json\/wp\/v2\/media\/16448"}],"wp:attachment":[{"href":"https:\/\/www.promendoza.com\/en\/wp-json\/wp\/v2\/media?parent=16447"}],"wp:term":[{"taxonomy":"category","embeddable":true,"href":"https:\/\/www.promendoza.com\/en\/wp-json\/wp\/v2\/categories?post=16447"},{"taxonomy":"post_tag","embeddable":true,"href":"https:\/\/www.promendoza.com\/en\/wp-json\/wp\/v2\/tags?post=16447"}],"curies":[{"name":"wp","href":"https:\/\/api.w.org\/{rel}","templated":true}]}}