{"id":16814,"date":"2026-09-03T11:44:02","date_gmt":"2026-09-03T14:44:02","guid":{"rendered":"https:\/\/www.promendoza.com\/es\/?p=16814"},"modified":"2026-09-03T11:44:31","modified_gmt":"2026-09-03T14:44:31","slug":"compradores-internacionales-destacaron-la-calidad-de-la-oferta-exportable-mendocina-en-la-southern-food","status":"publish","type":"post","link":"https:\/\/www.promendoza.com\/en\/compradores-internacionales-destacaron-la-calidad-de-la-oferta-exportable-mendocina-en-la-southern-food\/","title":{"rendered":"Compradores internacionales destacaron la calidad de la oferta exportable mendocina en la Southern Food"},"content":{"rendered":"<style type=\"text\/css\"><\/style>\n<figure class=\"wp-block-image\"><img alt=\"\"\/><\/figure>\n\n\n\n<h5><strong>Importadores ponderaron el nivel de los productos locales y la organizaci\u00f3n del encuentro de ProMendoza. La vinculaci\u00f3n directa permiti\u00f3 concretar nuevas compras de or\u00e9gano y avanzar en acuerdos por vinos, frutas y conservas.<\/strong><\/h5>\n\n\n\n<p>La primera edici\u00f3n de la ronda de negocios Mendoza Southern Food no solo gener\u00f3 altas expectativas entre las pymes locales, sino que tambi\u00e9n cosech\u00f3 un balance altamente positivo por parte de los importadores internacionales. Representantes de empresas internacionales resaltaron la diversidad de la oferta agroalimentaria, la log\u00edstica documental y el cumplimiento sanitario de la producci\u00f3n mendocina.<\/p>\n\n\n\n<p>Desde Brasil, Jos\u00e9 Antonio Lamenhaa, representante de la firma D\u00eda Distribui\u00e7\u00e3o de Recife, Pernambuco, destac\u00f3 la oportunidad de establecer contacto directo con los productores sin intermediarios. \u201cBuscamos socios estrat\u00e9gicos. Ya trabajamos con frutas, ciruelas y papas a trav\u00e9s de importadores, pero queremos fortalecer lazos para operar de manera directa. La feria nos permite tener ese acceso directo que ya manejamos con otros pa\u00edses\u201d, explic\u00f3.<\/p>\n\n\n\n<p>Por su parte, el mercado uruguayo mostr\u00f3 un marcado inter\u00e9s en diversificar sus compras en la provincia. Bruno Perrone, representante de la cadena de supermercados El Dorado, confirm\u00f3 que en septiembre recibir\u00e1n su primer embarque de vinos mendocinos y busca sumar enlatados y productos de alta rotaci\u00f3n. \u201cEstoy gratamente sorprendido con la propuesta y la organizaci\u00f3n. En Uruguay, el primer v\u00ednculo con Mendoza es el vino, pero vemos caracter\u00edsticas similares con Mendoza y creo que nos permitir\u00e1n desarrollar m\u00e1s negocios en conjunto\u201d, se\u00f1al\u00f3.<\/p>\n\n\n\n<p>En la misma l\u00ednea, Ana Claudia Mor\u00e1n, de la firma IBA Uruguay, anunci\u00f3 la ampliaci\u00f3n de sus operaciones en la provincia tras el \u00e9xito obtenido con el or\u00e9gano local. \u201cLlevamos menos de un a\u00f1o trabajando y acabo de confirmarle al proveedor una compra de cinco camiones. La respuesta documentaria, la calidad y el cumplimiento sanitario son aspectos clave para desarrollar v\u00ednculos duraderos\u201d, afirm\u00f3.<\/p>\n\n\n\n<p>La ejecutiva uruguaya agreg\u00f3 que, adem\u00e1s de especias y hierbas, prev\u00e9n incorporar pr\u00f3ximamente cerezas, frutas deshidratadas y legumbres enlatadas para abastecer a cadenas de supermercados y distribuidores de su pa\u00eds. \u201cVinimos seducidos por una oferta puntual, pero encontramos una variedad que super\u00f3 nuestras expectativas\u201d, concluy\u00f3.<\/p>\n","protected":false},"excerpt":{"rendered":"<p>Importadores ponderaron el nivel de los productos locales y la organizaci\u00f3n del encuentro de ProMendoza. La vinculaci\u00f3n directa permiti\u00f3 concretar nuevas compras de or\u00e9gano y avanzar en acuerdos por vinos,&#8230;<\/p>\n","protected":false},"author":1,"featured_media":16815,"comment_status":"closed","ping_status":"closed","sticky":false,"template":"","format":"image","meta":[],"categories":[52],"tags":[],"_links":{"self":[{"href":"https:\/\/www.promendoza.com\/en\/wp-json\/wp\/v2\/posts\/16814"}],"collection":[{"href":"https:\/\/www.promendoza.com\/en\/wp-json\/wp\/v2\/posts"}],"about":[{"href":"https:\/\/www.promendoza.com\/en\/wp-json\/wp\/v2\/types\/post"}],"author":[{"embeddable":true,"href":"https:\/\/www.promendoza.com\/en\/wp-json\/wp\/v2\/users\/1"}],"replies":[{"embeddable":true,"href":"https:\/\/www.promendoza.com\/en\/wp-json\/wp\/v2\/comments?post=16814"}],"version-history":[{"count":2,"href":"https:\/\/www.promendoza.com\/en\/wp-json\/wp\/v2\/posts\/16814\/revisions"}],"predecessor-version":[{"id":16817,"href":"https:\/\/www.promendoza.com\/en\/wp-json\/wp\/v2\/posts\/16814\/revisions\/16817"}],"wp:featuredmedia":[{"embeddable":true,"href":"https:\/\/www.promendoza.com\/en\/wp-json\/wp\/v2\/media\/16815"}],"wp:attachment":[{"href":"https:\/\/www.promendoza.com\/en\/wp-json\/wp\/v2\/media?parent=16814"}],"wp:term":[{"taxonomy":"category","embeddable":true,"href":"https:\/\/www.promendoza.com\/en\/wp-json\/wp\/v2\/categories?post=16814"},{"taxonomy":"post_tag","embeddable":true,"href":"https:\/\/www.promendoza.com\/en\/wp-json\/wp\/v2\/tags?post=16814"}],"curies":[{"name":"wp","href":"https:\/\/api.w.org\/{rel}","templated":true}]}}