{"id":3885,"date":"2017-06-15T13:35:25","date_gmt":"2017-06-15T16:35:25","guid":{"rendered":"http:\/\/promza-2017.binara.info\/?p=3885"},"modified":"2017-06-15T13:35:25","modified_gmt":"2017-06-15T16:35:25","slug":"conforman-cluster-audiovisual-regional-y-acuerdan-colaboracion-con-pares-vascos","status":"publish","type":"post","link":"https:\/\/www.promendoza.com\/en\/conforman-cluster-audiovisual-regional-y-acuerdan-colaboracion-con-pares-vascos\/","title":{"rendered":"Conforman cluster audiovisual regional y acuerdan colaboraci\u00f3n con pares vascos"},"content":{"rendered":"<style type=\"text\/css\"><\/style><p><img loading=\"lazy\" class=\"alignnone size-medium wp-image-3886 alignleft\" src=\"http:\/\/promza-2017.binara.info\/wp-content\/uploads\/2017\/06\/IMG_20170614_160137858-300x169.jpg\" alt=\"\" width=\"300\" height=\"169\" \/>Estuvieron en Mendoza representantes del cluster EIKEN, una asociaci\u00f3n empresarial de car\u00e1cter profesional conformada por las principales empre<span style=\"line-height: inherit;\">sas crea<\/span><span style=\"line-height: inherit;\">tivas y de distribuci\u00f3n de contenidos del Pa\u00eds Vasco.<\/span><\/p>\n<p style=\"text-align: left;\">Su Presidente, Alexu Echevarr\u00eda, y su Gerente, Ver\u00f3nica S\u00e1nchez conocieron la provincia e intercambiaron experiencias con el cluster local, Film Andes. Adem\u00e1s tuvieron la oportunidad de conocer a representantes de asociaciones similares de Misiones y Rosario.<br \/>\nEl objetivo de esta visita fue presentar las caracter\u00edsticas y fortalezas del sector audiovisual mendocino, y explorar v\u00edas de cooperaci\u00f3n con Pa\u00eds Vasco. Adem\u00e1s de una jornada de networking en donde se presentaron las producciones creativas locales.<\/p>\n<p style=\"text-align: left;\"><strong>Firma de convenio<\/strong><br \/>\nPor la tarde se realiz\u00f3 la firma de un Acuerdo interprovincial Misiones, C\u00f3rdoba, Rosario (Santa Fe) Mendoza para desarrollar una estrategia de impulso audiovisual Regional. El acta fue firmada por \u201cCluster Eiken del Pa\u00eds Vasco\u201d, \u201cRed De Realizadores Audiovisuales\u201d de Misiones, \u201cAsociaci\u00f3n De Productores Audiovisuales\u201d de C\u00f3rdoba, \u201cC\u00e1mara De Productores Audiovisuales\u201d de C\u00f3rdoba y \u201cCluster Audiovisual Film Andes\u201d de Men<span style=\"line-height: inherit;\">doza.<\/span><\/p>\n<p style=\"text-align: left;\">El acuerdo prev\u00e9 la complementaci\u00f3n, intercambio y colaboraci\u00f3n mutua en todas aquellas actividades acad\u00e9micas, profesionales, sociales y culturales, que las partes convengan realizar en el marco de sus respectivas incumbencias e intereses. Como as\u00ed tambi\u00e9n la posibilidad de realizar coproducci\u00f3<span style=\"line-height: inherit;\">n entre cualquiera de las partes.<\/span><\/p>\n<p style=\"text-align: left;\"><strong>Sobre el Cluster EIKEN<\/strong><br \/>\nEs una asociaci\u00f3n empresarial de car\u00e1cter profesional y sin \u00e1nimo de lucro. Conformada por las principales empresas radicadas en el Pa\u00eds Vasco relacionados con las Industrias de la Econom\u00eda Creativa.<br \/>\nLos socios de EIKEN abarcan toda la cadena de valor del sector de los contenidos digitales, pasando desde los creadores de contenido hasta los encargados de distribuirlo.<br \/>\nLas Industrias de la Econom\u00eda Creativa se encuentran inmersas en un proceso de transformaci\u00f3n radical. La creciente digitalizaci\u00f3n asociada a las nuevas tecnolog\u00edas, los cambios en los procesos productivos y de distribuci\u00f3n, los nuevos h\u00e1bitos de consumo, etc., est\u00e1n impactando de forma significativa en la industria y redefiniendo los \u00e1mbitos que configuran los diferentes sectores.<\/p>\n","protected":false},"excerpt":{"rendered":"<p>Estuvieron en Mendoza representantes del cluster EIKEN, una asociaci\u00f3n empresarial de car\u00e1cter profesional conformada por las principales empresas creativas y de distribuci\u00f3n de contenidos del Pa\u00eds Vasco. Su Presidente, Alexu&#8230;<\/p>\n","protected":false},"author":1,"featured_media":8459,"comment_status":"closed","ping_status":"open","sticky":false,"template":"","format":"image","meta":[],"categories":[46],"tags":[],"_links":{"self":[{"href":"https:\/\/www.promendoza.com\/en\/wp-json\/wp\/v2\/posts\/3885"}],"collection":[{"href":"https:\/\/www.promendoza.com\/en\/wp-json\/wp\/v2\/posts"}],"about":[{"href":"https:\/\/www.promendoza.com\/en\/wp-json\/wp\/v2\/types\/post"}],"author":[{"embeddable":true,"href":"https:\/\/www.promendoza.com\/en\/wp-json\/wp\/v2\/users\/1"}],"replies":[{"embeddable":true,"href":"https:\/\/www.promendoza.com\/en\/wp-json\/wp\/v2\/comments?post=3885"}],"version-history":[{"count":0,"href":"https:\/\/www.promendoza.com\/en\/wp-json\/wp\/v2\/posts\/3885\/revisions"}],"wp:featuredmedia":[{"embeddable":true,"href":"https:\/\/www.promendoza.com\/en\/wp-json\/wp\/v2\/media\/8459"}],"wp:attachment":[{"href":"https:\/\/www.promendoza.com\/en\/wp-json\/wp\/v2\/media?parent=3885"}],"wp:term":[{"taxonomy":"category","embeddable":true,"href":"https:\/\/www.promendoza.com\/en\/wp-json\/wp\/v2\/categories?post=3885"},{"taxonomy":"post_tag","embeddable":true,"href":"https:\/\/www.promendoza.com\/en\/wp-json\/wp\/v2\/tags?post=3885"}],"curies":[{"name":"wp","href":"https:\/\/api.w.org\/{rel}","templated":true}]}}