{"id":4664,"date":"2017-10-21T10:28:06","date_gmt":"2017-10-21T13:28:06","guid":{"rendered":"http:\/\/www.promendoza.com\/?p=4664"},"modified":"2017-10-21T10:28:06","modified_gmt":"2017-10-21T13:28:06","slug":"fernando-urdaniz-gerente-general-de-promendoza-un-historico-del-comercio-exterior","status":"publish","type":"post","link":"https:\/\/www.promendoza.com\/en\/fernando-urdaniz-gerente-general-de-promendoza-un-historico-del-comercio-exterior\/","title":{"rendered":"Fernando Urdaniz, Gerente General de ProMendoza: un hist\u00f3rico del comercio exterior"},"content":{"rendered":"<style type=\"text\/css\"><\/style><p>Preparado. Fernando Urdaniz es licenciado en comercio internacional y trabaja desde hace 21 a\u00f1os en la Fundaci\u00f3n ProMendoza, donde actualmente ocupa el cargo de gerente general. Adem\u00e1s, cuenta con tres maestr\u00edas \u2013dos en negocios internacionales y un MBA- y est\u00e1 cursando el doctorado en administraci\u00f3n. Su vida profesional se completa con su rol de docente universitario y como profesor internacional de ADEN para Centro y Sudam\u00e9rica.<\/p>\n<p>Experiencia. Es el \u00fanico integrante de ProMendoza que est\u00e1 en la Fundaci\u00f3n desde su origen, en 1996, y ha viajado con todos los gobernadores en misiones oficiales, excepto con el actual. Hace dos a\u00f1os asumi\u00f3 el cargo de gerente general, y asegura que lo que m\u00e1s lo satisface es la posibilidad de cambiar la realidad de peque\u00f1as y medianas empresas. \u201cAmo mi trabajo, estoy convencido de que si ten\u00e9s un producto y est\u00e1s preparado, en alg\u00fan lugar del mundo lo pod\u00e9s vender\u201d, asegura.<\/p>\n<p>Viajes. Si bien viajar es una gran parte de su trabajo, Urdaniz asegura que tampoco constituye la situaci\u00f3n id\u00edlica que todos se imaginan. Sin embargo, ha tenido varios viajes memorables en su carrera, entre ellos la primera vez que visit\u00f3 Jap\u00f3n en 1996, donde iba por dos semanas y se qued\u00f3 tres meses, y su primera visita a China en 1998, pa\u00eds al que viaja todos los a\u00f1os. \u201cEntend\u00ed que si quer\u00edamos crecer como provincia, ten\u00edamos que mirar hacia Oriente\u201d, explica.<\/p>\n<p>Futuro. Fan\u00e1tico de su trabajo, Fernando asegura que en el futuro le gustar\u00eda seguir trabajando en el rubro, aunque desde un rol privado. \u201cSoy un privilegiado: trabajo y ense\u00f1o lo que hago y lo que me gusta, y espero poder seguir as\u00ed\u201d, expresa. Mientras tanto, dedica su tiempo libre a su esposa y sus tres hijos, a andar en bicicleta los fines de semana, y a su gran pasi\u00f3n: la m\u00fasica.<\/p>\n","protected":false},"excerpt":{"rendered":"<p>Preparado. Fernando Urdaniz es licenciado en comercio internacional y trabaja desde hace 21 a\u00f1os en la Fundaci\u00f3n ProMendoza, donde actualmente ocupa el cargo de gerente general. Adem\u00e1s, cuenta con tres&#8230;<\/p>\n","protected":false},"author":1,"featured_media":8529,"comment_status":"closed","ping_status":"open","sticky":false,"template":"","format":"image","meta":[],"categories":[52],"tags":[],"_links":{"self":[{"href":"https:\/\/www.promendoza.com\/en\/wp-json\/wp\/v2\/posts\/4664"}],"collection":[{"href":"https:\/\/www.promendoza.com\/en\/wp-json\/wp\/v2\/posts"}],"about":[{"href":"https:\/\/www.promendoza.com\/en\/wp-json\/wp\/v2\/types\/post"}],"author":[{"embeddable":true,"href":"https:\/\/www.promendoza.com\/en\/wp-json\/wp\/v2\/users\/1"}],"replies":[{"embeddable":true,"href":"https:\/\/www.promendoza.com\/en\/wp-json\/wp\/v2\/comments?post=4664"}],"version-history":[{"count":0,"href":"https:\/\/www.promendoza.com\/en\/wp-json\/wp\/v2\/posts\/4664\/revisions"}],"wp:featuredmedia":[{"embeddable":true,"href":"https:\/\/www.promendoza.com\/en\/wp-json\/wp\/v2\/media\/8529"}],"wp:attachment":[{"href":"https:\/\/www.promendoza.com\/en\/wp-json\/wp\/v2\/media?parent=4664"}],"wp:term":[{"taxonomy":"category","embeddable":true,"href":"https:\/\/www.promendoza.com\/en\/wp-json\/wp\/v2\/categories?post=4664"},{"taxonomy":"post_tag","embeddable":true,"href":"https:\/\/www.promendoza.com\/en\/wp-json\/wp\/v2\/tags?post=4664"}],"curies":[{"name":"wp","href":"https:\/\/api.w.org\/{rel}","templated":true}]}}