{"id":4667,"date":"2017-10-21T10:38:29","date_gmt":"2017-10-21T13:38:29","guid":{"rendered":"http:\/\/www.promendoza.com\/?p=4667"},"modified":"2017-10-21T10:38:29","modified_gmt":"2017-10-21T13:38:29","slug":"panama-mendoza-el-vuelo-que-promete-mucho-mas-que-intercambio-de-turistas","status":"publish","type":"post","link":"https:\/\/www.promendoza.com\/en\/panama-mendoza-el-vuelo-que-promete-mucho-mas-que-intercambio-de-turistas\/","title":{"rendered":"Panam\u00e1-Mendoza, el vuelo que promete mucho m\u00e1s que intercambio de turistas"},"content":{"rendered":"<style type=\"text\/css\"><\/style><h5>El primer avi\u00f3n procedente del caribe\u00f1o pa\u00eds llegar\u00e1 a la provincia el 16 de noviembre.<\/h5>\n<p>El Ente Mendoza Turismo (Emetur) y Copa Airlines ultiman detalles para el vuelo inaugural que saldr\u00e1 del aeropuerto paname\u00f1o de Tocumen el\u00a015 de noviembre y arribar\u00e1 a El Plumerillo el d\u00eda 16, tras 6 horas de viaje.<br \/>\nLa nueva ruta entusiasma y mucho, ya que fac ilitar\u00e1 no s\u00f3lo la llegada de turistas de todo el continente a Mendoza a trav\u00e9s del Hub de las Am\u00e9ricas. Tambi\u00e9n, el intercambio comercial entre nuestra provincia y Centroam\u00e9rica.<br \/>\nDada la cercan\u00eda con la esperada apertura de la ruta, el Ente Mendoza Turismo en conjunto con Copa Airlines y con la colaboraci\u00f3n de ProMendoza organizaron una misi\u00f3n para promocionar los atractivos tur\u00edsticos de Mendoza en la Ciudad de Panam\u00e1.<br \/>\nLa agenda incluy\u00f3 una presentaci\u00f3n ante 60 operadores tur\u00edsticos. Al desayuno asistieron Efra\u00edn Tapage Mora, autoridad de Turismo de la Alcald\u00eda de Panam\u00e1, y Vanesa Romani, secretaria de la Embajada Argentina en Panam\u00e1.<br \/>\nLuego de las palabras de bienvenida de Lina de Maldonado, gerente de ventas en Panam\u00e1 de Copa Airlines, la presidenta del Emetur, Gabriela Testa, brind\u00f3 detalles sobre el destino Mendoza. La presentaci\u00f3n incluy\u00f3 la proyecci\u00f3n de un video y una completa descripci\u00f3n acerca de Mendoza como destino tur\u00edstico: ubicaci\u00f3n geogr\u00e1fica, conectividad, tipos de alojamiento y cantidad de plazas hoteleras, y la gran oferta de productos que Mendoza tiene para el disfrute del turista, haciendo especial hicapi\u00e9 en el enoturismo y la gastronom\u00eda.<br \/>\nEl equipo de Mendoza se complet\u00f3 con Fernando Urdaniz, gerente de ProMendoza, y la directora de Desarrollo del Emetur, Cristina Mengarelli.<br \/>\nPor su parte, el gerente regional para el Mercosur de Copa Airlines, Gustavo Esusy, habl\u00f3 acerca de las posibilidades de armar un viaje, teniendo una visi\u00f3n m\u00e1s integral de la Argentina, ya que la compa\u00f1\u00eda tiene vuelos directos a Panam\u00e1 desde Buenos Aires, C\u00f3rdoba y Rosario, y pr\u00f3ximamente a Mendoza, por lo que un turista puede combinar m\u00e1s de un destino dentro de nuestro pa\u00eds.<br \/>\nLuego de las exposiciones, Copa y el Emetur realizaron un sorteo y dos afortunadas operadoras paname\u00f1as resultaron ganadoras de un pasaje a Mendoza con la estad\u00eda incluida.<br \/>\nEl presidente de Copa, amante de los vinos mendocinos<br \/>\nLa titular del Emetur, Gabriela Testa, visit\u00f3 las oficinas centrales de Copa Airlines en la Ciudad de Panam\u00e1 y fue recibida por el presidente de la compa\u00f1\u00eda, Pedro Heilbron. La funcionaria le obsequi\u00f3 un vino mendocino, que fue muy apreciado por Heilbron, quien asegur\u00f3 que la bebida ser\u00e1 disfrutada junto a su esposa, ya que ambos son amantes de los vinos de Mendoza.<br \/>\nLuego de la reuni\u00f3n, Testa mantuvo dos entrevistas con la prensa: el director de Capital Financiero y una reportera de la agencia Efe, con quienes habl\u00f3 sobre el plan aerocomercial nacional llevado adelante por el presidente Mauricio Macri, la diversidad de productos tur\u00edsticos que Mendoza tiene para ofrecer, entre otros temas.<br \/>\n&#8220;Con respecto a los mercados latinoamericanos hay una gran potencialidad, compartimos el idioma, con algunos pa\u00edses la historia, los pr\u00f3ceres, todo eso nos acerca desde el punto de vista cultural. Tambi\u00e9n el f\u00fatbol. Si no ha habido m\u00e1s intercambio tur\u00edstico, ha sido por la falta de conectividad&#8221;, se\u00f1al\u00f3 Testa.<br \/>\nAdem\u00e1s de la presentaci\u00f3n ante operadores tur\u00edsticos, la reuni\u00f3n con el presidente de Copa y los encuentros con la prensa, la provincia junto a la aerol\u00ednea montaron un stand promocional en la Gran Feria de Vinos Felipe Motta 2017, un reconocido y multitudinario evento anual que tuvo lugar en el Hotel Riu.<\/p>\n","protected":false},"excerpt":{"rendered":"<p>El primer avi\u00f3n procedente del caribe\u00f1o pa\u00eds llegar\u00e1 a la provincia el 16 de noviembre. El Ente Mendoza Turismo (Emetur) y Copa Airlines ultiman detalles para el vuelo inaugural que&#8230;<\/p>\n","protected":false},"author":1,"featured_media":8530,"comment_status":"closed","ping_status":"open","sticky":false,"template":"","format":"image","meta":[],"categories":[3],"tags":[],"_links":{"self":[{"href":"https:\/\/www.promendoza.com\/en\/wp-json\/wp\/v2\/posts\/4667"}],"collection":[{"href":"https:\/\/www.promendoza.com\/en\/wp-json\/wp\/v2\/posts"}],"about":[{"href":"https:\/\/www.promendoza.com\/en\/wp-json\/wp\/v2\/types\/post"}],"author":[{"embeddable":true,"href":"https:\/\/www.promendoza.com\/en\/wp-json\/wp\/v2\/users\/1"}],"replies":[{"embeddable":true,"href":"https:\/\/www.promendoza.com\/en\/wp-json\/wp\/v2\/comments?post=4667"}],"version-history":[{"count":0,"href":"https:\/\/www.promendoza.com\/en\/wp-json\/wp\/v2\/posts\/4667\/revisions"}],"wp:featuredmedia":[{"embeddable":true,"href":"https:\/\/www.promendoza.com\/en\/wp-json\/wp\/v2\/media\/8530"}],"wp:attachment":[{"href":"https:\/\/www.promendoza.com\/en\/wp-json\/wp\/v2\/media?parent=4667"}],"wp:term":[{"taxonomy":"category","embeddable":true,"href":"https:\/\/www.promendoza.com\/en\/wp-json\/wp\/v2\/categories?post=4667"},{"taxonomy":"post_tag","embeddable":true,"href":"https:\/\/www.promendoza.com\/en\/wp-json\/wp\/v2\/tags?post=4667"}],"curies":[{"name":"wp","href":"https:\/\/api.w.org\/{rel}","templated":true}]}}