{"id":4705,"date":"2017-11-16T08:41:11","date_gmt":"2017-11-16T11:41:11","guid":{"rendered":"http:\/\/www.promendoza.com\/?p=4705"},"modified":"2017-11-16T08:41:11","modified_gmt":"2017-11-16T11:41:11","slug":"una-mision-comercial-primera-en-aprovechar-el-vuelo-hacia-panama","status":"publish","type":"post","link":"https:\/\/www.promendoza.com\/en\/una-mision-comercial-primera-en-aprovechar-el-vuelo-hacia-panama\/","title":{"rendered":"Una misi\u00f3n comercial, primera en aprovechar el vuelo hacia Panam\u00e1"},"content":{"rendered":"<style type=\"text\/css\"><\/style><p>Est\u00e1 encabezada por autoridades de ProMendoza y su meta es incrementar las exportaciones al pa\u00eds caribe\u00f1o, al igual que a Honduras. Hoy Copa Airlines inaugur\u00f3 la ruta directa<\/p>\n<p>En Mendoza las exportaciones promedio anuales ascienden a los 1.300 millones de d\u00f3lares. De ese total, s\u00f3lo 4.820.829 de d\u00f3lares corresponden a los destinos Panam\u00e1 y Honduras, es decir, el 0,37% del total. Una cifra \u00ednfima.<\/p>\n<p>Con el objetivo de revertir estos n\u00fameros, y aprovechando que desde hoy Mendoza cuenta con vuelo directo a Panam\u00e1, esta madrugada parti\u00f3 hacia ese pa\u00eds caribe\u00f1o una comisi\u00f3n comercial, que tambi\u00e9n visitar\u00e1 Honduras.<\/p>\n<p>Encabezada por las autoridades de ProMendoza, el viaje que durar\u00e1 hasta el pr\u00f3ximo 24 tiene como objetivo incrementar las ventas de pasas de uva, aceitunas, pasta y pur\u00e9 de frutas, jugos y mostos, conservas, legumbres y vinos, que actualmente poseen un mercado incipiente en Centroam\u00e9rica.<br \/>\nPero como curiosidad tambi\u00e9n viajar\u00e1n pymes que conforman el Cluster de Franquicias, quienes intentar\u00e1n colocar en aquel mercado marcas de corte de pelo, escuela de peluquer\u00eda, chocolates, accesorios de moda, carteles lum\u00ednicos y hasta comida r\u00e1pida.<\/p>\n<p><img loading=\"lazy\" class=\"alignnone size-full wp-image-4707\" src=\"http:\/\/www.promendoza.com\/wp-content\/uploads\/2017\/11\/panam\u00e1-1-2.jpg\" alt=\"\" width=\"642\" height=\"481\" \/><\/p>\n<p>Panam\u00e1 es un pa\u00eds estrat\u00e9gico para todos los mercados del mundo, gracias a varios factores: est\u00e1 situado en la mitad de Am\u00e9rica, posee acceso por tierra, mar y aire, clima tropical todo el a\u00f1o, libre de desastres naturales, una econom\u00eda de servicios abierta, recurso humano capacitado, econom\u00eda dolarizada y centro financiero internacional. Adem\u00e1s, cuenta con el famoso canal que une los oc\u00e9anos Atl\u00e1ntico y Pac\u00edfico, un paso con un movimiento anual de 300 millones de toneladas de carga.<\/p>\n<p>De ah\u00ed que Mendoza no puede quedarse afuera. Y menos desde hoy que Copa Airlines puso en marcha una ruta directa que mejora la conectividad: 4 vuelos directos por semana de ida y 4 de vuelta hacia el aeropuerto de Tocumen, conocido como el Hub o centro de las Am\u00e9ricas.<\/p>\n<p>Panam\u00e1 posee tambi\u00e9n la Zona Libre de Col\u00f3n, la m\u00e1s importante del hemisferio Occidental, con un intercambio comercial anual de m\u00e1s de 19 mil millones de d\u00f3lares a trav\u00e9s de casi 3.000 empresas.<br \/>\nHonduras, en tanto, es socio integral del sistema manufacturero estadounidense, gracias a su inclusi\u00f3n en el Tratado de Libre Comercio de Am\u00e9rica Central.<\/p>\n<p>Igualmente forma parte del DR-CAFTA integrado por Estados Unidos, Costa Rica, El Salvador, Nicaragua, Guatemala y Rep\u00fablica Dominicana.<\/p>\n<p>Vuelo de estreno<br \/>\nEsta madrugada, en el aeropuerto Francisco Gabrielli se vivi\u00f3 una verdadera fiesta. Aterriz\u00f3 cerca de las 0.30 el vuelo 420 de Copa, en el que viajaba la presidenta del Ente Mendoza Turismo, Gabriela Testa, periodistas de Mendoza, San Juan, Neuqu\u00e9n y San Luis, y 100 pasajeros m\u00e1s que aprovecharon el primer vuelo de 6 horas 30 minutos hacia la provincia cuyana m\u00e1s importante del fin del mundo.<\/p>\n<p>&#8220;Estamos felices y sorprendidos por la receptividad. Hay un contingente grande de pasajeros que vienen desde Toronto, Canad\u00e1. Hacia all\u00e1 viajaron muchos argentinos en b\u00fasqueda de oportunidades laborales. Se ve que volver a su provincia en forma m\u00e1s r\u00e1pida es algo que estaban esperando&#8221;, se alegr\u00f3 Gustavo Esusy, gerente regional Mercosur de Copa Airlines.<\/p>\n<p>Testa, a su vez, cont\u00f3 que en Panam\u00e1 logr\u00f3 reunirse con el ministro nacional del \u00e1rea de Turismo, Gustavo Him, a quien invit\u00f3 a la pr\u00f3xima Fiesta Nacional de la Vendimia. &#8220;La idea es potenciarnos. Que m\u00e1s mendocinos vengan a Panam\u00e1, y viceversa. Todo esto comenz\u00f3 a gestarse en abril durante una reuni\u00f3n que mantuvieron las autoridades de la aerol\u00ednea con el gobernador Alfredo Cornejo, y se ha concretado bastante r\u00e1pido, unos meses despu\u00e9s. Estamos encantados&#8221;, cerr\u00f3.<\/p>\n<p>Luego, a la 1.35, parti\u00f3 la misi\u00f3n comercial con destino a Honduras y Panam\u00e1.<\/p>\n","protected":false},"excerpt":{"rendered":"<p>Est\u00e1 encabezada por autoridades de ProMendoza y su meta es incrementar las exportaciones al pa\u00eds caribe\u00f1o, al igual que a Honduras. Hoy Copa Airlines inaugur\u00f3 la ruta directa En Mendoza&#8230;<\/p>\n","protected":false},"author":1,"featured_media":8538,"comment_status":"closed","ping_status":"open","sticky":false,"template":"","format":"image","meta":[],"categories":[52],"tags":[],"_links":{"self":[{"href":"https:\/\/www.promendoza.com\/en\/wp-json\/wp\/v2\/posts\/4705"}],"collection":[{"href":"https:\/\/www.promendoza.com\/en\/wp-json\/wp\/v2\/posts"}],"about":[{"href":"https:\/\/www.promendoza.com\/en\/wp-json\/wp\/v2\/types\/post"}],"author":[{"embeddable":true,"href":"https:\/\/www.promendoza.com\/en\/wp-json\/wp\/v2\/users\/1"}],"replies":[{"embeddable":true,"href":"https:\/\/www.promendoza.com\/en\/wp-json\/wp\/v2\/comments?post=4705"}],"version-history":[{"count":0,"href":"https:\/\/www.promendoza.com\/en\/wp-json\/wp\/v2\/posts\/4705\/revisions"}],"wp:featuredmedia":[{"embeddable":true,"href":"https:\/\/www.promendoza.com\/en\/wp-json\/wp\/v2\/media\/8538"}],"wp:attachment":[{"href":"https:\/\/www.promendoza.com\/en\/wp-json\/wp\/v2\/media?parent=4705"}],"wp:term":[{"taxonomy":"category","embeddable":true,"href":"https:\/\/www.promendoza.com\/en\/wp-json\/wp\/v2\/categories?post=4705"},{"taxonomy":"post_tag","embeddable":true,"href":"https:\/\/www.promendoza.com\/en\/wp-json\/wp\/v2\/tags?post=4705"}],"curies":[{"name":"wp","href":"https:\/\/api.w.org\/{rel}","templated":true}]}}