{"id":4713,"date":"2017-11-16T08:56:58","date_gmt":"2017-11-16T11:56:58","guid":{"rendered":"http:\/\/www.promendoza.com\/?p=4713"},"modified":"2017-11-16T08:56:58","modified_gmt":"2017-11-16T11:56:58","slug":"aterrizo-el-primer-vuelo-directo-desde-panama","status":"publish","type":"post","link":"https:\/\/www.promendoza.com\/en\/aterrizo-el-primer-vuelo-directo-desde-panama\/","title":{"rendered":"Aterriz\u00f3 el primer vuelo directo desde Panam\u00e1"},"content":{"rendered":"<style type=\"text\/css\"><\/style><p>Esta madrugada se inaugur\u00f3 la ruta directa entre Mendoza y Panam\u00e1. Pasada la medianoche aterriz\u00f3 el primer vuelo desde Centroam\u00e9rica.<\/p>\n<p>A las 0.20 de este jueves aterriz\u00f3 en el Aeropuerto El Plumerillo el primero vuelo proveniente de Panam\u00e1 y que inaugur\u00f3 la ruta directa entre ese pa\u00eds y Mendoza.<\/p>\n<p>El vuelo CM 420 aterriz\u00f3 tras 6 horas de viaje y fue recibido por la vicegobernadora Laura Montero. Es la primera conexi\u00f3n a\u00e9rea directa con una ciudad de un pa\u00eds no lim\u00edtrofe.<\/p>\n<p>Del mismo modo, a la 1.34 despeg\u00f3 el vuelo con destino a la Ciudad de Panam\u00e1, que se convirti\u00f3 en el primero en salir desde Mendoza hacia Centroam\u00e9rica. Se estima que ese vuelo aterrizar\u00e1 pasadas las 8.<\/p>\n<p>El vuelo CM 420 operar\u00e1 inicialmente con cuatro frecuencias semanales los d\u00edas lunes, mi\u00e9rcoles, viernes y domingo, saliendo a las 15.40 hora local del Aeropuerto Internacional de Tocumen, en Panam\u00e1, y llegando a las 00.21 al Aeropuerto Internacional El Plumerillo en Mendoza, Argentina.<\/p>\n<p>El vuelo de regreso, el CM 421, partir\u00e1 los d\u00edas lunes, martes, jueves y s\u00e1bados a la 1:34 llegando a Panam\u00e1 a las 6:30 hora local (8.30 de Mendoza). Para el vuelo directo hacia Mendoza, Copa Airlines operar\u00e1 un moderno avi\u00f3n 737-800 con capacidad para transportar a 160 pasajeros, 16 en clase ejecutiva y 144 en la cabina principal.<\/p>\n<p>&nbsp;<\/p>\n<p>En el vuelo que parti\u00f3 de Mendoza viaj\u00f3 una misi\u00f3n comercial organizada por ProMendoza -a cargo de su gerente, Fernando Urdaniz-, con un grupo de empresarios mendocinos de los rubros de bebidas y alimentos.<\/p>\n<p>Del 16 al 24 de noviembre la misi\u00f3n comercial llegar\u00e1 a Honduras y a Panam\u00e1 con el objetivo de lograr que peque\u00f1as y medianas empresas tengan la posibilidad de generar v\u00ednculos comerciales con importadores en el exterior y concretar ventas.<\/p>\n","protected":false},"excerpt":{"rendered":"<p>Esta madrugada se inaugur\u00f3 la ruta directa entre Mendoza y Panam\u00e1. Pasada la medianoche aterriz\u00f3 el primer vuelo desde Centroam\u00e9rica. A las 0.20 de este jueves aterriz\u00f3 en el Aeropuerto&#8230;<\/p>\n","protected":false},"author":1,"featured_media":8540,"comment_status":"closed","ping_status":"open","sticky":false,"template":"","format":"image","meta":[],"categories":[52],"tags":[],"_links":{"self":[{"href":"https:\/\/www.promendoza.com\/en\/wp-json\/wp\/v2\/posts\/4713"}],"collection":[{"href":"https:\/\/www.promendoza.com\/en\/wp-json\/wp\/v2\/posts"}],"about":[{"href":"https:\/\/www.promendoza.com\/en\/wp-json\/wp\/v2\/types\/post"}],"author":[{"embeddable":true,"href":"https:\/\/www.promendoza.com\/en\/wp-json\/wp\/v2\/users\/1"}],"replies":[{"embeddable":true,"href":"https:\/\/www.promendoza.com\/en\/wp-json\/wp\/v2\/comments?post=4713"}],"version-history":[{"count":0,"href":"https:\/\/www.promendoza.com\/en\/wp-json\/wp\/v2\/posts\/4713\/revisions"}],"wp:featuredmedia":[{"embeddable":true,"href":"https:\/\/www.promendoza.com\/en\/wp-json\/wp\/v2\/media\/8540"}],"wp:attachment":[{"href":"https:\/\/www.promendoza.com\/en\/wp-json\/wp\/v2\/media?parent=4713"}],"wp:term":[{"taxonomy":"category","embeddable":true,"href":"https:\/\/www.promendoza.com\/en\/wp-json\/wp\/v2\/categories?post=4713"},{"taxonomy":"post_tag","embeddable":true,"href":"https:\/\/www.promendoza.com\/en\/wp-json\/wp\/v2\/tags?post=4713"}],"curies":[{"name":"wp","href":"https:\/\/api.w.org\/{rel}","templated":true}]}}