{"id":4716,"date":"2017-11-16T09:00:48","date_gmt":"2017-11-16T12:00:48","guid":{"rendered":"http:\/\/www.promendoza.com\/?p=4716"},"modified":"2017-11-16T09:00:48","modified_gmt":"2017-11-16T12:00:48","slug":"con-8-bodegas-y-dos-clusters-parte-mision-de-negocios-rumbo-a-panama-y-honduras","status":"publish","type":"post","link":"https:\/\/www.promendoza.com\/en\/con-8-bodegas-y-dos-clusters-parte-mision-de-negocios-rumbo-a-panama-y-honduras\/","title":{"rendered":"Con 8 bodegas y dos clusters parte misi\u00f3n de negocios rumbo a Panam\u00e1 y Honduras"},"content":{"rendered":"<style type=\"text\/css\"><\/style><p>Del 16 al 24 de noviembre se desarrollar\u00e1 una Misi\u00f3n Comercial a Honduras y Panam\u00e1 para empresas de Bebidas y Alimentos. A partir del nuevo vuelo directo Mendoza \u2013 Panam\u00e1 se abren m\u00e1s oportunidades de negocios.<\/p>\n<p>&nbsp;<\/p>\n<p>El objetivo principal de la misi\u00f3n es lograr que peque\u00f1as y medianas empresas de alimentos procesados y bebidas tengan la posibilidad de generar v\u00ednculos comerciales con importadores en el exterior y concretar ventas.<\/p>\n<p>Con este objetivo y en el marco del vuelo inaugural directo entre Mendoza y Panam\u00e1 se busca generar una nueva v\u00eda log\u00edstica, que favorecer\u00e1 el \u00e1mbito de los negocios no s\u00f3lo con este pa\u00eds, sino tambi\u00e9n con Centro Am\u00e9rica y como puente a todos los destinos mundiales que confluyen desde Panam\u00e1.<\/p>\n<p>Actualmente Mendoza exporta algunos productos pero en pocas cantidades, sin embargo los pa\u00edses centroamericanos son un mercado potencial interesante, con posibilidades log\u00edsticas de productos mar\u00edtimas y a\u00e9reas.<\/p>\n<p>Pasas de Uva, aceitunas, pasta y pur\u00e9 de frutas, jugos y mostos, conservas, legumbres y vinos, poseen un mercado incipiente en Panam\u00e1 y Honduras, con vistas a un crecimiento mayor a partir de esta conexi\u00f3n directa.<\/p>\n<p>Adem\u00e1s, el Cluster de Franquicias Mendocinas, realizar\u00e1 su primera exploraci\u00f3n para llevar sus marcas de corte de pelo, chocolates, accesorios de moda, carteles lum\u00ednicos, comida r\u00e1pida y escuela de peluquer\u00eda.<\/p>\n<p>Panam\u00e1 es un pa\u00eds estrat\u00e9gico debido a que se encuentra situado en el centro del Continente Americano, con acceso por tierra, mar y aire, con un clima tropical todo el a\u00f1o, libre de desastres naturales, con una econom\u00eda de servicios abierta, recurso humano capacitado, econom\u00eda dolarizada, el centro financiero internacional, plataforma log\u00edstica de clase mundial y la estabilidad econ\u00f3mica, pol\u00edtica y social, hacen de Panam\u00e1 un pa\u00eds de inter\u00e9s para Mendoza con oportunidades de hacer negocios.<\/p>\n<p>Panam\u00e1 es un Hub Regional de Negocios. Uno de los centros log\u00edsticos m\u00e1s importantes del Hemisferio Occidental para el acopio y distribuci\u00f3n de la carga mundial, puente para la movilizaci\u00f3n de pasajeros a todo el Continente Americano y facilitador de eficientes y modernos servicios de comunicaci\u00f3n.<\/p>\n<p>Panam\u00e1 es adem\u00e1s una moderna plataforma log\u00edstica por mar, tierra y aire, con el Canal de Panam\u00e1 como eje principal, transportando m\u00e1s de 300 millones de CPSUAB (Contenedor, Granel, etc.), sirviendo a m\u00e1s de 14,000 naves a trav\u00e9s 144 rutas mar\u00edtimas y complementado con el sistema de terminales de contenedores en el Pac\u00edfico y Caribe, que sirven como centro de trasbordo y redistribuci\u00f3n de carga, que registraron un movimiento de carga anual de contenedores por 4.25 millones de TEU\u00b4s, sumado al ferrocarril interoce\u00e1nico que tiene una capacidad de 330,000 contenedores al a\u00f1o de una costa a la otra.<\/p>\n<p>Panam\u00e1 tambi\u00e9n cuenta con la Zona Libre de Col\u00f3n, la m\u00e1s importante del Hemisferio Occidental, con un intercambio comercial anual de m\u00e1s de 19 mil millones de d\u00f3lares a trav\u00e9s de las casi 3,000 empresas establecidas en la Zona Libre de Col\u00f3n. El desarrollo la \u00c1rea Econ\u00f3mica Especial Panam\u00e1 Pac\u00edfico, en la antigua base a\u00e9rea de Howard, es un espacio destinado a la producci\u00f3n de bienes y servicios de alta tecnolog\u00eda.<\/p>\n<p>Honduras, por su parte, es socio integral del sistema manufacturero norteamericano, gracias a su inclusi\u00f3n en el Tratado de Libre Comercio de Am\u00e9rica Central. Igualmente forma parte del DR-CAFTA integrado por: Estados Unidos, Costa Rica, El Salvador, Nicaragua, Guatemala, Rep\u00fablica Dominicana<\/p>\n<p>Empresas participantes<\/p>\n<p>Tierras Altas<br \/>\nCoraz\u00f3n del Sol<br \/>\nBodega Carmine Granata<br \/>\nViniterra<br \/>\nRichardi, Fazio y Menegazzo<br \/>\nAlma<br \/>\nLos Toneles<br \/>\nCluster Franquicias Mendoza<br \/>\nGrupo Mendoza Tasting<\/p>\n","protected":false},"excerpt":{"rendered":"<p>Del 16 al 24 de noviembre se desarrollar\u00e1 una Misi\u00f3n Comercial a Honduras y Panam\u00e1 para empresas de Bebidas y Alimentos. A partir del nuevo vuelo directo Mendoza \u2013 Panam\u00e1&#8230;<\/p>\n","protected":false},"author":1,"featured_media":8541,"comment_status":"closed","ping_status":"open","sticky":false,"template":"","format":"image","meta":[],"categories":[52],"tags":[],"_links":{"self":[{"href":"https:\/\/www.promendoza.com\/en\/wp-json\/wp\/v2\/posts\/4716"}],"collection":[{"href":"https:\/\/www.promendoza.com\/en\/wp-json\/wp\/v2\/posts"}],"about":[{"href":"https:\/\/www.promendoza.com\/en\/wp-json\/wp\/v2\/types\/post"}],"author":[{"embeddable":true,"href":"https:\/\/www.promendoza.com\/en\/wp-json\/wp\/v2\/users\/1"}],"replies":[{"embeddable":true,"href":"https:\/\/www.promendoza.com\/en\/wp-json\/wp\/v2\/comments?post=4716"}],"version-history":[{"count":0,"href":"https:\/\/www.promendoza.com\/en\/wp-json\/wp\/v2\/posts\/4716\/revisions"}],"wp:featuredmedia":[{"embeddable":true,"href":"https:\/\/www.promendoza.com\/en\/wp-json\/wp\/v2\/media\/8541"}],"wp:attachment":[{"href":"https:\/\/www.promendoza.com\/en\/wp-json\/wp\/v2\/media?parent=4716"}],"wp:term":[{"taxonomy":"category","embeddable":true,"href":"https:\/\/www.promendoza.com\/en\/wp-json\/wp\/v2\/categories?post=4716"},{"taxonomy":"post_tag","embeddable":true,"href":"https:\/\/www.promendoza.com\/en\/wp-json\/wp\/v2\/tags?post=4716"}],"curies":[{"name":"wp","href":"https:\/\/api.w.org\/{rel}","templated":true}]}}