{"id":4740,"date":"2017-11-22T16:50:15","date_gmt":"2017-11-22T19:50:15","guid":{"rendered":"http:\/\/www.promendoza.com\/?p=4740"},"modified":"2017-11-22T16:50:15","modified_gmt":"2017-11-22T19:50:15","slug":"seminario-internacional-de-la-nuez","status":"publish","type":"post","link":"https:\/\/www.promendoza.com\/en\/seminario-internacional-de-la-nuez\/","title":{"rendered":"Seminario Internacional de la Nuez"},"content":{"rendered":"<style type=\"text\/css\"><\/style><h4><strong>Mendoza posiciona sus nueces en el mundo<\/strong><\/h4>\n<p>ProMendoza acompa\u00f1a el esfuerzo de los productores nogaleros para aumentar la cantidad de nuez exportada y con el fin de dar visibilidad al sector organiz\u00f3 el primer \u201cSeminario Internacional de la Nuez\u201d el pasado martes 21 y una Ronda de Negocios Internacional, el d\u00eda mi\u00e9rcoles 22 de noviembre.<\/p>\n<p><strong>Seminario Internacional de la Nuez<\/strong><br \/>\nEl seminario estuvo dividido en dos bloques, uno sobre aspectos comerciales y otro sobre temas t\u00e9cnicos del cultivo de la nuez. El bloque comercial cont\u00f3 con la presencia de dos destacados expositores internacionales: Vittorio Bianchini de Chile, referente del sector nogalero en su pa\u00eds, quien abord\u00f3 el Panorama Mundial de la Nuez y la asociatividad para crecer como sector; y Vania Di Matteo, especialista italiana, quien explic\u00f3 las particularidades del mercado europeo para la nuez. Mientras que el bloque t\u00e9cnico, cont\u00f3 con la disertaci\u00f3n de los ingenieros agr\u00f3nomos locales Nicol\u00e1s Rodr\u00edguez y Marcelo Bernal sobre \u201cEvaluaci\u00f3n e Implementaci\u00f3n de un Proyecto de Nogales\u201d y \u201cEvoluci\u00f3n de la Producci\u00f3n Esperada del Cultivo de Nogales en Argentina\u201d, respectivamente. Para terminar la ingeniera agr\u00f3noma Cecilia Fern\u00e1ndez del Instituto de Desarrollo Rural, habl\u00f3 sobre el panorama del sector nogalero. Adem\u00e1s, puso a disposici\u00f3n de los presentes de una herramienta muy pr\u00e1ctica dise\u00f1ada por el IDR, el cuadernillo de campo, el cual fue muy bien recibido por los asistentes.<br \/>\nLa actividad despert\u00f3 amplio inter\u00e9s y cont\u00f3 con la presencia de m\u00e1s de 150 personas, tanto de Mendoza como de Portugal, Brasil, Italia y Chile.<\/p>\n<p><img loading=\"lazy\" class=\"alignnone size-full wp-image-4743\" src=\"http:\/\/www.promendoza.com\/wp-content\/uploads\/2017\/11\/20171121_170411-2.jpg\" alt=\"\" width=\"4032\" height=\"3024\" \/><\/p>\n<p><strong>Ronda Internacional de Frutos Secos<\/strong><br \/>\nEl mi\u00e9rcoles 22, en conjunto con la Agencia Argentina de Inversiones y Comercio Internacional, ProMendoza realiz\u00f3 una Ronda de Negocios en la que 35 empresas mendocinas tuvieron la oportunidad de mostrar sus frutos secos, especialmente la nuez. Durante la jornada se concretaron m\u00e1s de 90 reuniones con los 4 importadores provenientes de Brasil, Chile e Italia.<\/p>\n<p>Desde el pa\u00eds trasandino, la importadora Constanza Araya resalt\u00f3 que \u201cNormalmente se dice que la nuez de Chile es la de mejor calidad, pero con la que acabo de conocer aqu\u00ed, puedo asegurar que estamos parejos\u201d. Mencion\u00f3 adem\u00e1s, que en sus reuniones estuvo con empresas muy serias \u00e1vidas de hacer negocios con seriedad y responsabilidad.<\/p>\n<p>Por su parte, de una de las empresas brasileras se\u00f1al\u00f3 estar muy conforme con la cantidad, volumen y variedad de los productos encontrados. Y refiri\u00f3 que \u201cEn Brasil estamos empezando a salir de la crisis pol\u00edtica-econ\u00f3mica y vemos un horizonte pr\u00f3spero por lo que nuestro mercado est\u00e1 demandando una gran cantidad de productos\u201d.<\/p>\n<p><img loading=\"lazy\" class=\"alignnone size-full wp-image-4744\" src=\"http:\/\/www.promendoza.com\/wp-content\/uploads\/2017\/11\/WhatsApp-Image-2017-11-22-at-16.26.30-2.jpeg\" alt=\"\" width=\"1280\" height=\"960\" \/><\/p>\n<p><strong>Sector nogalero<\/strong><br \/>\nMendoza es la mayor productora de nuez del pa\u00eds con el 50% de la producci\u00f3n nacional que se eleva a unas 20 mil toneladas anuales. Durante muchos a\u00f1os, el mercado interno consumi\u00f3 toda la producci\u00f3n local. Con el aumento de la superficie implantada y las mejoras agrotecnol\u00f3gicas, que permiten un mayor rinde por hect\u00e1rea, la producci\u00f3n local comenz\u00f3 a mirar al exterior para poder colocar el excedente. As\u00ed, productores nogaleros se acercaron a ProMendoza para buscar asistencia y estas conversaciones llevaron a la idea de conformaci\u00f3n de una asociaci\u00f3n de productores que se ha dado por llamar \u201cNuts from Argentina\u201d. Cuyos objetivos principales son Posicionar la marca Nuts from Argentina en el mundo, Transferencia tecnol\u00f3gica y Apertura y consolidaci\u00f3n de mercados internacionales.<\/p>\n<p><img loading=\"lazy\" class=\"alignnone wp-image-4745 size-medium\" src=\"http:\/\/www.promendoza.com\/wp-content\/uploads\/2017\/11\/WhatsApp-Image-2017-11-22-at-16.48.05-300x225.jpeg\" alt=\"\" width=\"300\" height=\"225\" srcset=\"https:\/\/www.promendoza.com\/wp-content\/uploads\/2017\/11\/WhatsApp-Image-2017-11-22-at-16.48.05-300x225.jpeg 300w, https:\/\/www.promendoza.com\/wp-content\/uploads\/2017\/11\/WhatsApp-Image-2017-11-22-at-16.48.05-768x576.jpeg 768w, https:\/\/www.promendoza.com\/wp-content\/uploads\/2017\/11\/WhatsApp-Image-2017-11-22-at-16.48.05-1024x768.jpeg 1024w, https:\/\/www.promendoza.com\/wp-content\/uploads\/2017\/11\/WhatsApp-Image-2017-11-22-at-16.48.05-580x435.jpeg 580w, https:\/\/www.promendoza.com\/wp-content\/uploads\/2017\/11\/WhatsApp-Image-2017-11-22-at-16.48.05-820x615.jpeg 820w, https:\/\/www.promendoza.com\/wp-content\/uploads\/2017\/11\/WhatsApp-Image-2017-11-22-at-16.48.05-1160x870.jpeg 1160w, https:\/\/www.promendoza.com\/wp-content\/uploads\/2017\/11\/WhatsApp-Image-2017-11-22-at-16.48.05.jpeg 1280w\" sizes=\"(max-width: 300px) 100vw, 300px\" \/>\u00a0<img loading=\"lazy\" class=\"alignnone wp-image-4746 size-medium\" src=\"http:\/\/www.promendoza.com\/wp-content\/uploads\/2017\/11\/WhatsApp-Image-2017-11-22-at-16.47.47-300x225.jpeg\" alt=\"\" width=\"300\" height=\"225\" srcset=\"https:\/\/www.promendoza.com\/wp-content\/uploads\/2017\/11\/WhatsApp-Image-2017-11-22-at-16.47.47-300x225.jpeg 300w, https:\/\/www.promendoza.com\/wp-content\/uploads\/2017\/11\/WhatsApp-Image-2017-11-22-at-16.47.47-768x576.jpeg 768w, https:\/\/www.promendoza.com\/wp-content\/uploads\/2017\/11\/WhatsApp-Image-2017-11-22-at-16.47.47-1024x768.jpeg 1024w, https:\/\/www.promendoza.com\/wp-content\/uploads\/2017\/11\/WhatsApp-Image-2017-11-22-at-16.47.47-580x435.jpeg 580w, https:\/\/www.promendoza.com\/wp-content\/uploads\/2017\/11\/WhatsApp-Image-2017-11-22-at-16.47.47-820x615.jpeg 820w, https:\/\/www.promendoza.com\/wp-content\/uploads\/2017\/11\/WhatsApp-Image-2017-11-22-at-16.47.47-1160x870.jpeg 1160w, https:\/\/www.promendoza.com\/wp-content\/uploads\/2017\/11\/WhatsApp-Image-2017-11-22-at-16.47.47.jpeg 1280w\" sizes=\"(max-width: 300px) 100vw, 300px\" \/><\/p>\n","protected":false},"excerpt":{"rendered":"<p>Mendoza posiciona sus nueces en el mundo ProMendoza acompa\u00f1a el esfuerzo de los productores nogaleros para aumentar la cantidad de nuez exportada y con el fin de dar visibilidad al&#8230;<\/p>\n","protected":false},"author":1,"featured_media":8551,"comment_status":"closed","ping_status":"open","sticky":false,"template":"","format":"image","meta":[],"categories":[3],"tags":[],"_links":{"self":[{"href":"https:\/\/www.promendoza.com\/en\/wp-json\/wp\/v2\/posts\/4740"}],"collection":[{"href":"https:\/\/www.promendoza.com\/en\/wp-json\/wp\/v2\/posts"}],"about":[{"href":"https:\/\/www.promendoza.com\/en\/wp-json\/wp\/v2\/types\/post"}],"author":[{"embeddable":true,"href":"https:\/\/www.promendoza.com\/en\/wp-json\/wp\/v2\/users\/1"}],"replies":[{"embeddable":true,"href":"https:\/\/www.promendoza.com\/en\/wp-json\/wp\/v2\/comments?post=4740"}],"version-history":[{"count":0,"href":"https:\/\/www.promendoza.com\/en\/wp-json\/wp\/v2\/posts\/4740\/revisions"}],"wp:featuredmedia":[{"embeddable":true,"href":"https:\/\/www.promendoza.com\/en\/wp-json\/wp\/v2\/media\/8551"}],"wp:attachment":[{"href":"https:\/\/www.promendoza.com\/en\/wp-json\/wp\/v2\/media?parent=4740"}],"wp:term":[{"taxonomy":"category","embeddable":true,"href":"https:\/\/www.promendoza.com\/en\/wp-json\/wp\/v2\/categories?post=4740"},{"taxonomy":"post_tag","embeddable":true,"href":"https:\/\/www.promendoza.com\/en\/wp-json\/wp\/v2\/tags?post=4740"}],"curies":[{"name":"wp","href":"https:\/\/api.w.org\/{rel}","templated":true}]}}