{"id":4751,"date":"2017-11-24T16:21:58","date_gmt":"2017-11-24T19:21:58","guid":{"rendered":"http:\/\/www.promendoza.com\/?p=4751"},"modified":"2017-11-24T16:21:58","modified_gmt":"2017-11-24T19:21:58","slug":"panama-es-un-gran-puerto-de-conexion-comercial-para-mendoza","status":"publish","type":"post","link":"https:\/\/www.promendoza.com\/en\/panama-es-un-gran-puerto-de-conexion-comercial-para-mendoza\/","title":{"rendered":"Panam\u00e1 es un gran puerto de conexi\u00f3n comercial para Mendoza"},"content":{"rendered":"<style type=\"text\/css\"><\/style><p>Culmina la Misi\u00f3n Comercial a Panam\u00e1 y Honduras con grandes expectativas para las empresas participantes. \u201cPanam\u00e1 crece y ofrece cada d\u00eda m\u00e1s oportunidades log\u00edsticas y comerciales, y estamos seguros que Mendoza tiene que estar aqu\u00ed con sus productos\u201d asegur\u00f3 Javier Rojas uno de los t\u00e9cnicos organizadores de la Misi\u00f3n, perteneciente a ProMendoza.<\/p>\n<p>Por su parte, el gerente de ProMendoza, Fernardo Urdaniz, coment\u00f3 que \u201ctener una plataforma de almacenamiento y distribuci\u00f3n en Panam\u00e1, es una gran oportunidad de distribuci\u00f3n a toda Centroam\u00e9rica\u201d.<img loading=\"lazy\" class=\"wp-image-4752 size-medium alignright\" src=\"http:\/\/www.promendoza.com\/wp-content\/uploads\/2017\/11\/WhatsApp-Image-2017-11-20-at-16.40.17-300x225.jpeg\" alt=\"\" width=\"300\" height=\"225\" srcset=\"https:\/\/www.promendoza.com\/wp-content\/uploads\/2017\/11\/WhatsApp-Image-2017-11-20-at-16.40.17-300x225.jpeg 300w, https:\/\/www.promendoza.com\/wp-content\/uploads\/2017\/11\/WhatsApp-Image-2017-11-20-at-16.40.17-768x576.jpeg 768w, https:\/\/www.promendoza.com\/wp-content\/uploads\/2017\/11\/WhatsApp-Image-2017-11-20-at-16.40.17-1024x768.jpeg 1024w, https:\/\/www.promendoza.com\/wp-content\/uploads\/2017\/11\/WhatsApp-Image-2017-11-20-at-16.40.17-580x435.jpeg 580w, https:\/\/www.promendoza.com\/wp-content\/uploads\/2017\/11\/WhatsApp-Image-2017-11-20-at-16.40.17-820x615.jpeg 820w, https:\/\/www.promendoza.com\/wp-content\/uploads\/2017\/11\/WhatsApp-Image-2017-11-20-at-16.40.17-1160x870.jpeg 1160w, https:\/\/www.promendoza.com\/wp-content\/uploads\/2017\/11\/WhatsApp-Image-2017-11-20-at-16.40.17.jpeg 1280w\" sizes=\"(max-width: 300px) 100vw, 300px\" \/><\/p>\n<p>Como \u00faltima actividad agendada para las empresas mendocinas, ayer la comitiva visit\u00f3 la Zona Libre de Col\u00f3n, alojada en el extremo occidente del Canal de Panam\u00e1.<br \/>\nAll\u00ed empresarios y t\u00e9cnicos se reunieron con el Gerente, Manuel Grimaldo y la responsable de Mercado, Mireya Montemayor, para conocer las condiciones y los costos de alojar una plataforma comercial para los productos de Mendoza.<\/p>\n<p><strong>Zona Libre de Col\u00f3n<\/strong><br \/>\nEs el principal centro de distribuci\u00f3n comercial del Mundo. Cuenta con alrededor de 3 mil empresas registradas y una amplia gama de productos.<br \/>\nPosee una posici\u00f3n geogr\u00e1fica privilegiada, transporte a\u00e9reo, mar\u00edtimo y terrestre; centro bancario y aduanero y avances tecnol\u00f3gicos y modernizaci\u00f3n de almacenes.<\/p>\n<p><img loading=\"lazy\" class=\"alignnone size-full wp-image-4753\" src=\"http:\/\/www.promendoza.com\/wp-content\/uploads\/2017\/11\/WhatsApp-Image-2017-11-16-at-21.53.32-2.jpeg\" alt=\"\" width=\"1040\" height=\"780\" \/><\/p>\n<p><img loading=\"lazy\" class=\"alignnone size-full wp-image-4754\" src=\"http:\/\/www.promendoza.com\/wp-content\/uploads\/2017\/11\/WhatsApp-Image-2017-11-20-at-16.40.39-2.jpeg\" alt=\"\" width=\"1280\" height=\"960\" \/><\/p>\n<p><img loading=\"lazy\" class=\"alignnone size-full wp-image-4755\" src=\"http:\/\/www.promendoza.com\/wp-content\/uploads\/2017\/11\/WhatsApp-Image-2017-11-20-at-4.41.14-PM-1-2.jpeg\" alt=\"\" width=\"1280\" height=\"960\" \/> <img loading=\"lazy\" class=\"alignnone size-full wp-image-4756\" src=\"http:\/\/www.promendoza.com\/wp-content\/uploads\/2017\/11\/WhatsApp-Image-2017-11-24-at-13.45.50-2.jpeg\" alt=\"\" width=\"960\" height=\"1280\" \/><\/p>\n","protected":false},"excerpt":{"rendered":"<p>Culmina la Misi\u00f3n Comercial a Panam\u00e1 y Honduras con grandes expectativas para las empresas participantes. \u201cPanam\u00e1 crece y ofrece cada d\u00eda m\u00e1s oportunidades log\u00edsticas y comerciales, y estamos seguros que&#8230;<\/p>\n","protected":false},"author":1,"featured_media":8560,"comment_status":"closed","ping_status":"open","sticky":false,"template":"","format":"image","meta":[],"categories":[52],"tags":[],"_links":{"self":[{"href":"https:\/\/www.promendoza.com\/en\/wp-json\/wp\/v2\/posts\/4751"}],"collection":[{"href":"https:\/\/www.promendoza.com\/en\/wp-json\/wp\/v2\/posts"}],"about":[{"href":"https:\/\/www.promendoza.com\/en\/wp-json\/wp\/v2\/types\/post"}],"author":[{"embeddable":true,"href":"https:\/\/www.promendoza.com\/en\/wp-json\/wp\/v2\/users\/1"}],"replies":[{"embeddable":true,"href":"https:\/\/www.promendoza.com\/en\/wp-json\/wp\/v2\/comments?post=4751"}],"version-history":[{"count":0,"href":"https:\/\/www.promendoza.com\/en\/wp-json\/wp\/v2\/posts\/4751\/revisions"}],"wp:featuredmedia":[{"embeddable":true,"href":"https:\/\/www.promendoza.com\/en\/wp-json\/wp\/v2\/media\/8560"}],"wp:attachment":[{"href":"https:\/\/www.promendoza.com\/en\/wp-json\/wp\/v2\/media?parent=4751"}],"wp:term":[{"taxonomy":"category","embeddable":true,"href":"https:\/\/www.promendoza.com\/en\/wp-json\/wp\/v2\/categories?post=4751"},{"taxonomy":"post_tag","embeddable":true,"href":"https:\/\/www.promendoza.com\/en\/wp-json\/wp\/v2\/tags?post=4751"}],"curies":[{"name":"wp","href":"https:\/\/api.w.org\/{rel}","templated":true}]}}