{"id":4803,"date":"2018-01-08T12:47:37","date_gmt":"2018-01-08T15:47:37","guid":{"rendered":"http:\/\/www.promendoza.com\/?p=4803"},"modified":"2018-01-08T12:47:37","modified_gmt":"2018-01-08T15:47:37","slug":"promendoza-cierra-un-ano-con-activa-participacion-en-ferias-y-rondas-de-negocios","status":"publish","type":"post","link":"https:\/\/www.promendoza.com\/en\/promendoza-cierra-un-ano-con-activa-participacion-en-ferias-y-rondas-de-negocios\/","title":{"rendered":"ProMendoza cierra un a\u00f1o con activa participaci\u00f3n en ferias y rondas de negocios"},"content":{"rendered":"<style type=\"text\/css\"><\/style><p>Durante 2017, ProMendoza <strong>trabaj\u00f3 en la profundizaci\u00f3n del nuevo modelo de gesti\u00f3n<\/strong>, que comenz\u00f3 en enero de 2016, con el desaf\u00edo de sumar a toda la tarea realizada en materia de exportaciones las \u00e1reas de Inversiones, Negociaciones y Cooperaci\u00f3n Internacional.<br \/>\n\u201cEstas nuevas \u00e1reas le han otorgado a nuestra actividad permanente una pol\u00edtica exterior m\u00e1s activa desde lo econ\u00f3mico\u201d, asegur\u00f3 el gerente general de ProMendoza, Fernando Urdaniz.<\/p>\n<p>\u201cEn las<strong> Jornadas Estrat\u00e9gica<\/strong>s que realizamos en 2016, nos ocupamos de que ProMendoza se convierta en el eje rector de las pol\u00edticas internaciones y en 2017, nuestros objetivos tendieron al crecimiento y la consolidaci\u00f3n de las nuevas \u00e1reas\u201d, agreg\u00f3.<\/p>\n<p>Este a\u00f1o, la realizaci\u00f3n del y la firma del acuerdo de cooperaci\u00f3n con R\u00edo Grande del Sur marcaron un rumbo importante en materia de atracci\u00f3n de inversiones y de trabajo conjunto con otras ciudades hermanas.<\/p>\n<p>En negociaciones internacionales trabajamos de manera estrecha con Canciller\u00eda y el Ministerio de Agroindustria, para participar en los acuerdos con la Uni\u00f3n Europea y M\u00e9xico, como tambi\u00e9n profundizar el acuerdo con Brasil.<\/p>\n<p>El trabajo de Encadenamientos Productivos con Chile se encuentra muy avanzando, y se espera poder anunciar en primer encadenamiento de dos empresas binacionales para el primer semestre de 2018.<\/p>\n<p>\u201cLa nueva metodolog\u00eda para las misiones comerciales ayud\u00f3 a profundizar el v\u00ednculo con Latinoam\u00e9rica. Realizamos actividades de promoci\u00f3n en Per\u00fa, Ecuador, Chile, Bolivia, Colombia, Brasil, Panam\u00e1 y Honduras. Pero Europa y Asia no dejaron de tener protagonismo: estuvimos en Alemania, Dinamarca, Holanda y Francia. En China seguimos trabajando en nuestra ciudad hermana de Guangzhou profundizando el v\u00ednculo ec\u00f3nomico y la exploraci\u00f3n\u201d, explic\u00f3 el gerente.<\/p>\n<p>Software y audiovisuales siguieron ganando el protagonismo. El proyecto de ley de Audiovisuales ya logr\u00f3 media sanci\u00f3n en el Senado, con el fin de otorgarle un marco legal al desarrollo en la materia. En software, con la inauguraci\u00f3n del Polo TIC, logramos realizar trabajo conjunto con R\u00edo Grande del Sur para aprender de su experiencia.<\/p>\n<p>Es importante aclarar que siguen en la agenda de ProMendoza los productos tradicionales como el vino, el ajo, frutas y hortalizas. All\u00ed, la nuez tuvo su principal protagonismo, con la creaci\u00f3n de la asociaci\u00f3n Nuts from de Argentina, que trabajar\u00e1 con las empresas para exportar el excedente de producci\u00f3n de nuez que actualmente tiene Argentina.<\/p>\n<p><img loading=\"lazy\" class=\"alignnone size-full wp-image-4734\" src=\"http:\/\/www.promendoza.com\/wp-content\/uploads\/2017\/11\/WhatsApp-Image-2017-11-20-at-4.41.53-PM-2.jpeg\" alt=\"\" width=\"1280\" height=\"960\" \/><\/p>\n","protected":false},"excerpt":{"rendered":"<p>Durante 2017, ProMendoza trabaj\u00f3 en la profundizaci\u00f3n del nuevo modelo de gesti\u00f3n, que comenz\u00f3 en enero de 2016, con el desaf\u00edo de sumar a toda la tarea realizada en materia&#8230;<\/p>\n","protected":false},"author":1,"featured_media":8551,"comment_status":"closed","ping_status":"open","sticky":false,"template":"","format":"image","meta":[],"categories":[54],"tags":[],"_links":{"self":[{"href":"https:\/\/www.promendoza.com\/en\/wp-json\/wp\/v2\/posts\/4803"}],"collection":[{"href":"https:\/\/www.promendoza.com\/en\/wp-json\/wp\/v2\/posts"}],"about":[{"href":"https:\/\/www.promendoza.com\/en\/wp-json\/wp\/v2\/types\/post"}],"author":[{"embeddable":true,"href":"https:\/\/www.promendoza.com\/en\/wp-json\/wp\/v2\/users\/1"}],"replies":[{"embeddable":true,"href":"https:\/\/www.promendoza.com\/en\/wp-json\/wp\/v2\/comments?post=4803"}],"version-history":[{"count":0,"href":"https:\/\/www.promendoza.com\/en\/wp-json\/wp\/v2\/posts\/4803\/revisions"}],"wp:featuredmedia":[{"embeddable":true,"href":"https:\/\/www.promendoza.com\/en\/wp-json\/wp\/v2\/media\/8551"}],"wp:attachment":[{"href":"https:\/\/www.promendoza.com\/en\/wp-json\/wp\/v2\/media?parent=4803"}],"wp:term":[{"taxonomy":"category","embeddable":true,"href":"https:\/\/www.promendoza.com\/en\/wp-json\/wp\/v2\/categories?post=4803"},{"taxonomy":"post_tag","embeddable":true,"href":"https:\/\/www.promendoza.com\/en\/wp-json\/wp\/v2\/tags?post=4803"}],"curies":[{"name":"wp","href":"https:\/\/api.w.org\/{rel}","templated":true}]}}