{"id":4965,"date":"2018-02-14T13:44:30","date_gmt":"2018-02-14T16:44:30","guid":{"rendered":"http:\/\/www.promendoza.com\/?p=4965"},"modified":"2018-02-14T13:44:30","modified_gmt":"2018-02-14T16:44:30","slug":"entre-rios-trabaja-junto-a-cordoba-mendoza-y-santa-fe-en-la-promocion-del-comercio-exterior","status":"publish","type":"post","link":"https:\/\/www.promendoza.com\/en\/entre-rios-trabaja-junto-a-cordoba-mendoza-y-santa-fe-en-la-promocion-del-comercio-exterior\/","title":{"rendered":"ENTRE R\u00cdOS TRABAJA JUNTO A C\u00d3RDOBA, MENDOZA Y SANTA FE EN LA PROMOCI\u00d3N DEL COMERCIO EXTERIOR"},"content":{"rendered":"<style type=\"text\/css\"><\/style><h4>Se realiz\u00f3 un encuentro de organismos de comercio internacional de Entre R\u00edos, Mendoza, C\u00f3rdoba y Santa fe cuyo objetivo fue delinear actividades de promoci\u00f3n comercial al exterior en conjunto entre las cuatro provincias.<\/h4>\n<p>Del encuentro, que se realiz\u00f3 en la ciudad de Mendoza, participaron el gerente General de Pro Mendoza, Fernando Urdaniz, la gerenta de Promoci\u00f3n Comercial de Pro Mendoza, Noris Rivarola, gerente General de Pro C\u00f3rdoba, Roberto Rossotto; el gerente de Promoci\u00f3n Comercial Pro C\u00f3rdoba, Luis Gilli; el secretario de Comercio Exterior de Santa Fe Global, Carlos Braga; y el coordinador General del \u00c1rea de Promoci\u00f3n de Exportaciones de Entre R\u00edos, Santiago Escales Migliore.<\/p>\n<p>Se defini\u00f3 co-organizar cuatro misiones comerciales y una ronda inversa de negocios. Adem\u00e1s, se intercambiaron experiencias sobre los programas llevados adelante en las provincias para el fortalecimiento de las Pymes exportadoras o las que buscan internacionalizarse por primera vez.<\/p>\n<p>Por otro lado, en la reuni\u00f3n con los funcionarios nacionales se dialog\u00f3 sobre los Programas de apoyo al exportador y sobre el calendario de misiones y ferias internacionales con el objetivo de coordinar acciones entre Naci\u00f3n y las provincias.<\/p>\n<p>Cabe destacar que en 2018 la Agencia Argentina de Inversiones y Comercio Internacional realizar\u00e1 junto a las Provincias m\u00e1s de 60 rondas inversa de Negocios Internacionales, destacando la Ronda Inversa Ap\u00edcola de Negocios que tendr\u00e1 lugar el 17 de marzo en el marco de la Expo Maci\u00e1.<\/p>\n<p>Adem\u00e1s, participaron Alejandro Wagner Director General de Comercio Internacional \u2013 Agencia Argentina de Inversiones y Comercio Internacional, Carlos Garc\u00eda Baltar Director General de Asuntos Internacionales \u2013 Agencia Argentina de Inversiones y Comercio Internacional, y Diego P\u00e9rez Santisteban Gerente de la Red Federal \u2013 Agencia Argentina de Inversiones y Comercio Internacional<\/p>\n<p>Encuentro protocolar<\/p>\n<p>En la oportunidad los funcionarios de comercio internacional mantuvieron una reuni\u00f3n con Patricia Gim\u00e9nez, quien cumple sus funciones como nueva Embajadora Argentina en Costa Rica.<\/p>\n<p>Este pa\u00eds centroamericano es, junto a Panam\u00e1, uno de los mercados que ofrecen buenas oportunidades comerciales para nuestras pymes exportadoras.<\/p>\n<p>Inter\u00e9s entrerriano en el comercio internacional<\/p>\n<p>El secretario de Producci\u00f3n, \u00c1lvaro Gabas, revaloriz\u00f3 la oportunidad del trabajo mancomunado entre las cuatro provincias destacando que \u201d cada una de las provincias involucradas poseen un gran potencial en productos a comercializar. En la provincia de Entre R\u00edos estamos trabajando para que todas las econom\u00edas puedan vender sus productos no solo a nivel local sino internacional\u201d.<\/p>\n<p>\u201cPara nosotros como funcionarios debemos priorizar siempre el beneficio de nuestra gente y si ese beneficio es fundado en el trabajo del estado como herramienta bienvenida sea\u201d, finaliz\u00f3 el secretario de Producci\u00f3n.<\/p>\n<p>En tanto, el coordinador de Exportaciones, Santiago Escales Migliore, explic\u00f3 que: \u201cLas provincias de Regi\u00f3n Centro y Mendoza tenemos intereses en com\u00fan en relaci\u00f3n con los mercados externos y abord\u00e1ndolos en conjunto lo hacemos de manera eficiente, adem\u00e1s siempre es bueno salir con una oferta exportable que en la mayor\u00eda de los casos se complementa\u201d<\/p>\n<p>Por otra parte, Escales Migliore, agreg\u00f3 que \u201cesta mesa de trabajo de las \u00e1reas de comercio exterior de las provincias de Regi\u00f3n Centro ya lleva un tiempo de trabajo planificado, y ahora se ha sumado la Fundaci\u00f3n Pro Mendoza, que tiene una larga trayectoria en la internacionalizaci\u00f3n de pymes; se ha generado un espacio de intercambio de informaci\u00f3n, coordinaci\u00f3n de actividades y toma de posiciones de las provincias frente al gobierno nacional, siempre con el objetivo de ayudar a nuestras econom\u00edas regionales\u201d, finaliz\u00f3.<\/p>\n<p>Datos para tener en cuenta<\/p>\n<p>Las cuatro provincias representan el 42,7% del total exportado por Argentina en 2016 por un valor de 24.671.598.301 D\u00f3lares FOB.<\/p>\n","protected":false},"excerpt":{"rendered":"<p>Se realiz\u00f3 un encuentro de organismos de comercio internacional de Entre R\u00edos, Mendoza, C\u00f3rdoba y Santa fe cuyo objetivo fue delinear actividades de promoci\u00f3n comercial al exterior en conjunto entre&#8230;<\/p>\n","protected":false},"author":1,"featured_media":8576,"comment_status":"closed","ping_status":"open","sticky":false,"template":"","format":"image","meta":[],"categories":[47,3],"tags":[],"_links":{"self":[{"href":"https:\/\/www.promendoza.com\/en\/wp-json\/wp\/v2\/posts\/4965"}],"collection":[{"href":"https:\/\/www.promendoza.com\/en\/wp-json\/wp\/v2\/posts"}],"about":[{"href":"https:\/\/www.promendoza.com\/en\/wp-json\/wp\/v2\/types\/post"}],"author":[{"embeddable":true,"href":"https:\/\/www.promendoza.com\/en\/wp-json\/wp\/v2\/users\/1"}],"replies":[{"embeddable":true,"href":"https:\/\/www.promendoza.com\/en\/wp-json\/wp\/v2\/comments?post=4965"}],"version-history":[{"count":0,"href":"https:\/\/www.promendoza.com\/en\/wp-json\/wp\/v2\/posts\/4965\/revisions"}],"wp:featuredmedia":[{"embeddable":true,"href":"https:\/\/www.promendoza.com\/en\/wp-json\/wp\/v2\/media\/8576"}],"wp:attachment":[{"href":"https:\/\/www.promendoza.com\/en\/wp-json\/wp\/v2\/media?parent=4965"}],"wp:term":[{"taxonomy":"category","embeddable":true,"href":"https:\/\/www.promendoza.com\/en\/wp-json\/wp\/v2\/categories?post=4965"},{"taxonomy":"post_tag","embeddable":true,"href":"https:\/\/www.promendoza.com\/en\/wp-json\/wp\/v2\/tags?post=4965"}],"curies":[{"name":"wp","href":"https:\/\/api.w.org\/{rel}","templated":true}]}}