{"id":5038,"date":"2018-03-03T15:54:49","date_gmt":"2018-03-03T18:54:49","guid":{"rendered":"http:\/\/www.promendoza.com\/?p=5038"},"modified":"2018-03-03T15:54:49","modified_gmt":"2018-03-03T18:54:49","slug":"avianca-mendoza-es-el-destino-que-elegimos-para-comenzar-a-operar-desde-el-interior","status":"publish","type":"post","link":"https:\/\/www.promendoza.com\/en\/avianca-mendoza-es-el-destino-que-elegimos-para-comenzar-a-operar-desde-el-interior\/","title":{"rendered":"Avianca: \u201cMendoza es el destino que elegimos para comenzar a operar desde el interior\u201d"},"content":{"rendered":"<style type=\"text\/css\"><\/style><p>El gerente Comercial de Avianca en Argentina, Mart\u00edn Torres, visit\u00f3 la provincia. Se reuni\u00f3 con la presidente del Emetur y con el sector privado del turismo mendocino. La aerol\u00ednea colombiana comienza la ruta Lima \u2013 Mendoza el 1 de abril.<\/p>\n<p>Mart\u00edn Torres, gerente Comercial de Avianca en Argentina, naci\u00f3 en Gualeguaych\u00fa, Entre R\u00edos. El licenciado en Marketing, de 36 a\u00f1os, visit\u00f3 la provincia durante los d\u00edas m\u00e1s \u201cmovidos\u201d del a\u00f1o: la Vendimia. Su trabajo dentro de la aerol\u00ednea de bandera colombiana es comercializar los vuelos internacionales desde la Argentina.<\/p>\n<p>En nuestro pa\u00eds, Avianca comenz\u00f3 operando desde Buenos Aires rutas a Bogot\u00e1 y a Lima. \u201cAhora seguiremos con Mendoza y luego con C\u00f3rdoba\u201d, asegur\u00f3 el joven directivo. El vuelo que unir\u00e1 la provincia con la capital de Per\u00fa es un hecho; el pr\u00f3ximo 1 de abril un Airbus 320 con capacidad para 150 pasajeros despegar\u00e1 desde Lima a las 22 para aterrizar en El Plumerillo solo 4 horas despu\u00e9s \u2013con la diferencia horaria, ser\u00e1n las 4 de la ma\u00f1ana en Argentina-.<\/p>\n<p>-\u00bfConoc\u00eda Mendoza?<br \/>\nDe muy chiquito. He venido a esquiar y tambi\u00e9n a la Ciudad pero ten\u00eda muy pocos recuerdos. Estos d\u00edas ac\u00e1 s\u00ed conoc\u00ed much\u00edsimo.<\/p>\n<p>-Vino en un momento especial: Vendimia. Estuvo en el Carrusel, en el desayuno de la Coviar, el Agasajo de Bodegas de Argentina y el Acto Central \u00bfCu\u00e1l fue su impresi\u00f3n?<\/p>\n<p>Es algo que no tiene nada que ver con lo que a uno le pueden contar. Hay que vivirlo junto a los mendocinos. Yo conozco muy bien lo que es el Carnaval en Entre R\u00edos y cada provincia tiene sus fiestas, pero la Vendimia es \u00fanica e impactante. El Acto Central se transmite por la TV P\u00fablica, hay una conexi\u00f3n durante la fiesta con los turistas. Vi mucha gente de otras provincias argentinas y del mundo, de las m\u00e1s variadas nacionalidades.<\/p>\n<p>-Esta ha sido su presentaci\u00f3n oficial en nombre de la compa\u00f1\u00eda \u00bfC\u00f3mo fue el recibimiento?<br \/>\nMuy bueno. Tanto por parte de los empresarios, con excelente predisposici\u00f3n, con ganas de hacer negocios, como por parte del Gobierno, especialmente de Gabriela Testa. Particip\u00e9 del Foro de Inversiones, me reun\u00ed con Fernando Urdaniz de ProMendoza, mantuve un encuentro con agencias de viajes en el edificio de Turismo. Fue una visita muy fruct\u00edfera.<\/p>\n<p>Pude charlar tambi\u00e9n con el Gobernador Cornejo. \u00c9l quiere que Mendoza se comunique con el resto del mundo y est\u00e1 muy enfocado trabajando en eso. Hace muy poquito mantuvo distintas reuniones en Colombia, unos d\u00edas antes de la feria Anato, intentando generar acuerdos.<\/p>\n<p>En el marco de Anato, Colombia y Argentina firmaron un nuevo convenio para ampliar la conectividad a\u00e9rea a 21 frecuencias semanales entre ambos pa\u00edses. As\u00ed, se abrir\u00e1n rutas directas para destinos distintos a las capitales \u2013caso de Mendoza, C\u00f3rdoba o Salta-.<\/p>\n<p>-\u00bfCu\u00e1les cree que son las fortalezas que tiene la provincia que pueden atraer al mercado peruano? \u00bfY al resto de Am\u00e9rica?<br \/>\nPer\u00fa es un centro gastron\u00f3mico reconocido a nivel mundial, y agregarle el toque del vino es muy importante. Entonces aqu\u00ed tendr\u00e1n las puertas abiertas, el turismo del vino es lo que considero m\u00e1s importante y atractivo ac\u00e1. La naturaleza, la aventura, la historia tambi\u00e9n pueden atraer a los peruanos.<\/p>\n<p>Por otro lado, Lima es un hub \u2013centro de conexiones-, por lo que a trav\u00e9s de ese aeropuerto puede venir gente de todo el mundo sin pasar por Buenos Aires. Miami, La Habana, Santo Domingo, M\u00e9xico DF, Canc\u00fan, Bogot\u00e1 son los destinos de Am\u00e9rica a los que se accede directo desde Lima. Y en Bogot\u00e1 hay muchas m\u00e1s conexiones con Brasil y con Europa.<\/p>\n<p>-\u00bfQu\u00e9 ventajas ofrecer\u00e1 Avianca frente a la competencia?<br \/>\nHacemos foco en la calidad, con aviones nuevos, tecnolog\u00eda de punta, un buen servicio a bordo. Todo eso permitir\u00e1 que nos diferenciemos de la competencia.<\/p>\n<p>-\u00bfQu\u00e9 es lo que se viene? \u00bfQu\u00e9 acciones a futuro se est\u00e1n planificando?<br \/>\nVamos a potenciar la ruta, darle la oportunidad al mendocino de conectarse con el mundo a trav\u00e9s de Lima. Por otro lado, es muy importante el tema corporativo, queremos que se generen negocios. El mendocino podr\u00e1 ir y volver en el d\u00eda, recordemos que ser\u00e1n 7 frecuencias semanales, se puede ir y cerrar un negocio en la misma jornada. Las empresas que exportan en Mendoza tendr\u00e1n esa oportunidad.<\/p>\n<p>-\u00bfQu\u00e9 opina de la \u201crevoluci\u00f3n de los aviones\u201d?<br \/>\nMe pareci\u00f3 una iniciativa muy importante. Como argentino veo que nos estamos conectando m\u00e1s con el mundo. La posibilidad de poder viajar, para negocios, intercambio cultural, turismo. Destaco las remodelaciones que se hicieron en el aeropuerto de Mendoza, es algo que se tiene que hacer con todas las aero-estaciones, y que haya infinidad de rutas que le abran posibilidades a la gente es muy positivo.<\/p>\n<p>Detalles del vuelo<br \/>\nEl aeropuerto internacional El Plumerillo tendr\u00e1 m\u00e1s movimiento a partir del 2 de abril, cuando aterrice el primer vuelo de Avianca proveniente de Lima. Tendr\u00e1 7 frecuencias semanales.<\/p>\n<p>Del aeropuerto Jorge Ch\u00e1vez, el vuelo partir\u00e1 el 1 de abril a las 22.15 -hora Per\u00fa-, y tras 3 horas 45 minutos, aterrizar\u00e1 en Mendoza a las 4 am hora argentina. Dos horas m\u00e1s tarde, el avi\u00f3n partir\u00e1 de Mendoza a Lima, a las 6.05 am, para llegar a las 7.55 hora de Per\u00fa. El precio promocional es de 299 d\u00f3lares ida y vuelta. Seg\u00fan Torres, \u201cdespu\u00e9s costar\u00e1 alrededor de 350 d\u00f3lares. Y habr\u00e1 futuras promociones seg\u00fan la temporada\u201d.<\/p>\n","protected":false},"excerpt":{"rendered":"<p>El gerente Comercial de Avianca en Argentina, Mart\u00edn Torres, visit\u00f3 la provincia. Se reuni\u00f3 con la presidente del Emetur y con el sector privado del turismo mendocino. La aerol\u00ednea colombiana&#8230;<\/p>\n","protected":false},"author":1,"featured_media":8602,"comment_status":"closed","ping_status":"open","sticky":false,"template":"","format":"image","meta":[],"categories":[3],"tags":[],"_links":{"self":[{"href":"https:\/\/www.promendoza.com\/en\/wp-json\/wp\/v2\/posts\/5038"}],"collection":[{"href":"https:\/\/www.promendoza.com\/en\/wp-json\/wp\/v2\/posts"}],"about":[{"href":"https:\/\/www.promendoza.com\/en\/wp-json\/wp\/v2\/types\/post"}],"author":[{"embeddable":true,"href":"https:\/\/www.promendoza.com\/en\/wp-json\/wp\/v2\/users\/1"}],"replies":[{"embeddable":true,"href":"https:\/\/www.promendoza.com\/en\/wp-json\/wp\/v2\/comments?post=5038"}],"version-history":[{"count":0,"href":"https:\/\/www.promendoza.com\/en\/wp-json\/wp\/v2\/posts\/5038\/revisions"}],"wp:featuredmedia":[{"embeddable":true,"href":"https:\/\/www.promendoza.com\/en\/wp-json\/wp\/v2\/media\/8602"}],"wp:attachment":[{"href":"https:\/\/www.promendoza.com\/en\/wp-json\/wp\/v2\/media?parent=5038"}],"wp:term":[{"taxonomy":"category","embeddable":true,"href":"https:\/\/www.promendoza.com\/en\/wp-json\/wp\/v2\/categories?post=5038"},{"taxonomy":"post_tag","embeddable":true,"href":"https:\/\/www.promendoza.com\/en\/wp-json\/wp\/v2\/tags?post=5038"}],"curies":[{"name":"wp","href":"https:\/\/api.w.org\/{rel}","templated":true}]}}