{"id":5252,"date":"2018-06-23T12:17:36","date_gmt":"2018-06-23T15:17:36","guid":{"rendered":"http:\/\/www.promendoza.com\/?p=5252"},"modified":"2018-06-23T12:17:36","modified_gmt":"2018-06-23T15:17:36","slug":"promendoza-participo-en-importante-feria-de-energia-solar","status":"publish","type":"post","link":"https:\/\/www.promendoza.com\/en\/promendoza-participo-en-importante-feria-de-energia-solar\/","title":{"rendered":"ProMendoza particip\u00f3 en importante feria de energ\u00eda solar"},"content":{"rendered":"<style type=\"text\/css\"><\/style><p>Fundaci\u00f3n ProMendoza envi\u00f3 una misi\u00f3n t\u00e9cnica a Alemania para participar en la Feria Intersolar Europa, desarrollada en la ciudad alemana de M\u00fanich. El objetivo principal es conocer tecnolog\u00eda de \u00faltima generaci\u00f3n en materia de energ\u00eda solar.<\/p>\n<p>Alemania es el pa\u00eds con m\u00e1s desarrollo tecnol\u00f3gico en energ\u00edas renovables y hace 12 a\u00f1os comenz\u00f3 un proceso de transformaci\u00f3n en la generaci\u00f3n su energ\u00eda, con lo que logr\u00f3 reducir costos en m\u00e1s m\u00e1s de 70%.<\/p>\n<p>Guillermo Mart\u00ednez, t\u00e9cnico a cargo de la misi\u00f3n, se ha reunido con importantes expositores- El objetivo es avanzar en alianzas estrat\u00e9gicas, complementaci\u00f3n de empresas para proyectos aplicables al mercado local y exterior, desarrollos de bienes en cadenas de valor, potenciales inversores para grandes proyectos, ampliaci\u00f3n de nuestra matriz productiva, mejora de competitividad para nuestros productos en el mercado externo, potenciar a la industria local y los est\u00e1ndares internacionales de calidad.<\/p>\n<p>\u201cLa feria ha superado las expectativas por su excelente organizaci\u00f3n, m\u00e1s de 800 expositores y 60 mil visitantes promedio\u201d, destac\u00f3 Mart\u00ednez, y agreg\u00f3 que \u201ccont\u00f3 con presencia de productos y soluciones de los pa\u00edses m\u00e1s avanzados en energ\u00edas renovables\u201d.<\/p>\n<p>Toda la informaci\u00f3n estar\u00e1 disponible para las empresas mendocinas del sector metalmec\u00e1nico, ya que la estrategia de esta misi\u00f3n es nutrir de informaci\u00f3n al capital humano de Mendoza, altamente capacitado en relaci\u00f3n con el resto de los pa\u00edses vecinos. Esto posibilita desarrollar y potencial el mercado local de energ\u00eda de manera anticipada y proveer de bienes y servicios a pa\u00edses de Latinoam\u00e9rica, incrementando una estrategia de crecimiento e internacionalizaci\u00f3n del sector.<\/p>\n<p>Reuniones destacadas<\/p>\n<h5>\u201cHemos avanzado con un portal que re\u00fane a los principales proveedores del mundo de servicios e insumos para energ\u00edas renovables y nos permitir\u00e1 tener acceso a informaci\u00f3n muy valiosa a la hora de realizar cotizaciones desde Mendoza, lo que implica un gran ahorro de tiempo y dinero para las empresas locales\u201d, expres\u00f3 Mart\u00ednez.<\/h5>\n<h5>Durante la misi\u00f3n en Alemania se particip\u00f3 en conferencias y foros con gran dinamismo sobre eficiencia energ\u00e9tica, soluciones de \u00faltima generaci\u00f3n y tendencias globales sobre el futuro de las energ\u00edas convencionales y renovables.<\/h5>\n<p>Hoy el mercado necesita incorporar energ\u00edas limpias en nuestro sistema de generaci\u00f3n, por lo que es imprescindible buscar alternativas y soluciones para que empresas locales puedan las desarrollar en beneficio de la industria, el mercado dom\u00e9stico y el comercio internacional. La disminuci\u00f3n de los altos costos energ\u00e9ticos derivar\u00e1 en una mejora competitiva de nuestros productos de cara al mercado externo.<\/p>\n<p>Es por ello que \u201chemos contactado a potenciales inversores para los proyectos de mayor envergadura y que podr\u00edan desarrollar con contenido local provisto por nuestras empresas\u201d, coment\u00f3 Guillermo Mart\u00ednez.<\/p>\n<p>Alianzas comerciales y acuerdos estrat\u00e9gicos de complementaci\u00f3n entre empresas del exterior y de nuestra provincia pondr\u00e1n en marcha proyectos aplicables a nuestro mercado y al externo.<\/p>\n<p>Las industrias metal\u00fargica y metalmec\u00e1nica podr\u00edan expandir sus matrices productivas a productos que conforman la cadena de valor de bienes finales para desarrollos de nuevos proyectos, traccionando tambi\u00e9n en industrias conexas.<\/p>\n<p>Las empresas locales podr\u00edan llevar a cabo desarrollos con el apoyo de instituciones como las universidades Nacional de Cuyo y Tecnol\u00f3gica Nacional Regional Mendoza, el Instituto Nacional de Tecnolog\u00eda Industrial (INTI), el Conicet y el Instituto de Energ\u00eda (IDE), entre otros, a trav\u00e9s de incubadoras de proyectos, conociendo el elevado nivel de nuestros ingenieros.<\/p>\n<p>Para finalizar, se realiz\u00f3 contacto con una certificadora internacional de productos y proyectos para analizar la viabilidad de que los desarrollos locales y en el mercado externo puedan tener acreditaci\u00f3n de este tipo.<\/p>\n","protected":false},"excerpt":{"rendered":"<p>Fundaci\u00f3n ProMendoza envi\u00f3 una misi\u00f3n t\u00e9cnica a Alemania para participar en la Feria Intersolar Europa, desarrollada en la ciudad alemana de M\u00fanich. El objetivo principal es conocer tecnolog\u00eda de \u00faltima&#8230;<\/p>\n","protected":false},"author":1,"featured_media":8653,"comment_status":"closed","ping_status":"open","sticky":false,"template":"","format":"image","meta":[],"categories":[55],"tags":[],"_links":{"self":[{"href":"https:\/\/www.promendoza.com\/en\/wp-json\/wp\/v2\/posts\/5252"}],"collection":[{"href":"https:\/\/www.promendoza.com\/en\/wp-json\/wp\/v2\/posts"}],"about":[{"href":"https:\/\/www.promendoza.com\/en\/wp-json\/wp\/v2\/types\/post"}],"author":[{"embeddable":true,"href":"https:\/\/www.promendoza.com\/en\/wp-json\/wp\/v2\/users\/1"}],"replies":[{"embeddable":true,"href":"https:\/\/www.promendoza.com\/en\/wp-json\/wp\/v2\/comments?post=5252"}],"version-history":[{"count":0,"href":"https:\/\/www.promendoza.com\/en\/wp-json\/wp\/v2\/posts\/5252\/revisions"}],"wp:featuredmedia":[{"embeddable":true,"href":"https:\/\/www.promendoza.com\/en\/wp-json\/wp\/v2\/media\/8653"}],"wp:attachment":[{"href":"https:\/\/www.promendoza.com\/en\/wp-json\/wp\/v2\/media?parent=5252"}],"wp:term":[{"taxonomy":"category","embeddable":true,"href":"https:\/\/www.promendoza.com\/en\/wp-json\/wp\/v2\/categories?post=5252"},{"taxonomy":"post_tag","embeddable":true,"href":"https:\/\/www.promendoza.com\/en\/wp-json\/wp\/v2\/tags?post=5252"}],"curies":[{"name":"wp","href":"https:\/\/api.w.org\/{rel}","templated":true}]}}