{"id":5283,"date":"2018-07-13T10:16:09","date_gmt":"2018-07-13T13:16:09","guid":{"rendered":"http:\/\/www.promendoza.com\/?p=5283"},"modified":"2018-07-13T10:16:09","modified_gmt":"2018-07-13T13:16:09","slug":"importadores-brasilenos-haran-una-ronda-de-negocios-en-san-rafael","status":"publish","type":"post","link":"https:\/\/www.promendoza.com\/en\/importadores-brasilenos-haran-una-ronda-de-negocios-en-san-rafael\/","title":{"rendered":"Importadores brasile\u00f1os har\u00e1n una ronda de negocios en San Rafael"},"content":{"rendered":"<style type=\"text\/css\"><\/style><p>Una de los desaf\u00edos m\u00e1s importantes del sector productivo del Sur provincial tiene que ver con la posibilidad de exportar. Es que muchas veces la producci\u00f3n local no encuentra alternativas dentro del mercado y se terminan abandonando cientos de hect\u00e1reas y hasta fincas completas.<\/p>\n<p>En este marco, mucho se est\u00e1 trabajando en tratar de abrir al mundo el mercado local y generar nuevos canales de comercializaci\u00f3n. As\u00ed, en los pr\u00f3ximos d\u00edas importadores brasile\u00f1os llegar\u00e1n al Sur provincial con el objetivo de tratar de generar negocios.<\/p>\n<p>Seg\u00fan explicaron desde PRO Mendoza, har\u00e1n una \u201cronda de negocios con importadores de Brasil\u201d, que le abre la puerta directamente a los productores para negociar con potenciales compradores.<\/p>\n<p>\u201cSe trata de un encuentro de negocios que contar\u00e1 con la presencia de tres importadores de Santa Catarina y otro de Porto Alegre, quienes est\u00e1n interesados en conocer la oferta de frutas secas, deshidratadas, procesadas y vinos de Mendoza. Las contrapartes son representantes de supermercados, una trading y un comprador para la industria de alimentos\u201d, explicaron desde PRO Mendoza.<\/p>\n<p>\u201cLas actividades se realizar\u00e1n en las ciudades de San Rafael, General Alvear y Mendoza. Durante las ma\u00f1anas ser\u00e1n los encuentros de negocios y por las tardes los importadores visitar\u00e1n empresas\u201d, agregaron.<\/p>\n<p>En San Rafael la actividad ser\u00e1 el 23 de julio de 9 a 13 en las instalaciones de la C\u00e1mara de Comercio, mientras que en Alvear ser\u00e1 el d\u00eda siguiente en el mismo horario en la Bodega Fara\u00f3n.<\/p>\n<p>La participaci\u00f3n es sin costo, aunque con cupos limitados. La fecha l\u00edmite de inscripci\u00f3n es el martes 17. Para mayor informaci\u00f3n, comunicarse al tel\u00e9fono (260) 4426471 o por correo electr\u00f3nico a regionalsur@promendoza.com.<\/p>\n","protected":false},"excerpt":{"rendered":"<p>Una de los desaf\u00edos m\u00e1s importantes del sector productivo del Sur provincial tiene que ver con la posibilidad de exportar. Es que muchas veces la producci\u00f3n local no encuentra alternativas&#8230;<\/p>\n","protected":false},"author":1,"featured_media":8656,"comment_status":"closed","ping_status":"open","sticky":false,"template":"","format":"image","meta":[],"categories":[52],"tags":[],"_links":{"self":[{"href":"https:\/\/www.promendoza.com\/en\/wp-json\/wp\/v2\/posts\/5283"}],"collection":[{"href":"https:\/\/www.promendoza.com\/en\/wp-json\/wp\/v2\/posts"}],"about":[{"href":"https:\/\/www.promendoza.com\/en\/wp-json\/wp\/v2\/types\/post"}],"author":[{"embeddable":true,"href":"https:\/\/www.promendoza.com\/en\/wp-json\/wp\/v2\/users\/1"}],"replies":[{"embeddable":true,"href":"https:\/\/www.promendoza.com\/en\/wp-json\/wp\/v2\/comments?post=5283"}],"version-history":[{"count":0,"href":"https:\/\/www.promendoza.com\/en\/wp-json\/wp\/v2\/posts\/5283\/revisions"}],"wp:featuredmedia":[{"embeddable":true,"href":"https:\/\/www.promendoza.com\/en\/wp-json\/wp\/v2\/media\/8656"}],"wp:attachment":[{"href":"https:\/\/www.promendoza.com\/en\/wp-json\/wp\/v2\/media?parent=5283"}],"wp:term":[{"taxonomy":"category","embeddable":true,"href":"https:\/\/www.promendoza.com\/en\/wp-json\/wp\/v2\/categories?post=5283"},{"taxonomy":"post_tag","embeddable":true,"href":"https:\/\/www.promendoza.com\/en\/wp-json\/wp\/v2\/tags?post=5283"}],"curies":[{"name":"wp","href":"https:\/\/api.w.org\/{rel}","templated":true}]}}