{"id":5316,"date":"2018-07-23T09:04:11","date_gmt":"2018-07-23T12:04:11","guid":{"rendered":"http:\/\/www.promendoza.com\/?p=5316"},"modified":"2018-07-23T09:04:11","modified_gmt":"2018-07-23T12:04:11","slug":"repuntan-las-exportaciones-locales-por-la-suba-del-dolar","status":"publish","type":"post","link":"https:\/\/www.promendoza.com\/en\/repuntan-las-exportaciones-locales-por-la-suba-del-dolar\/","title":{"rendered":"Repuntan las exportaciones locales por la suba del d\u00f3lar"},"content":{"rendered":"<style type=\"text\/css\"><\/style><h5>En los primeros cinco meses de 2018 los env\u00edos de productos sure\u00f1os al exterior aumentaron casi un 23%. La recuperaci\u00f3n se dio en mayor medida en la ciruela seca, el aceite de oliva y en las maquinarias y partes.<\/h5>\n<p>En los primeros cinco meses de 2018 repuntaron las exportaciones del Sur mendocino, luego de una fuerte ca\u00edda el a\u00f1o anterior. Este giro lo atribuyen al nuevo tipo de cambio, que en pocos meses cambi\u00f3 el panorama e hizo m\u00e1s conveniente vender al mundo.<br \/>\nEn 2016 en la Aduana local se registraron env\u00edos al exterior por 89,6 millones de d\u00f3lares y en 2017 un total de 69,4 millones, lo que represent\u00f3 una ca\u00edda promedio del 23%.<\/p>\n<p>En este per\u00edodo casi todos los rubros exportaron menos, pero donde m\u00e1s se sinti\u00f3 el impacto fue en el sector de las frutas secas (principalmente ciruelas desecadas) que representa m\u00e1s de la mitad del total enviado a los mercados externos. De 50,1 millones de d\u00f3lares se pas\u00f3 a 36,4 millones al a\u00f1o siguiente, un 27% menos.<\/p>\n<p>Pero lleg\u00f3 el 2018 y la situaci\u00f3n cambi\u00f3. De enero a mayo la regi\u00f3n sur de la provincia hizo env\u00edos al exterior por 29,5 millones de d\u00f3lares, un 22,8% m\u00e1s que los u$s24 millones exportados en el mismo per\u00edodo de 2017.<\/p>\n<p>Esta recuperaci\u00f3n, seg\u00fan los n\u00fameros de la Aduana, se dio en casi todos los productos, aunque los que m\u00e1s crecieron fueron frutas de carozo, aceite de oliva y la mayor\u00eda de las productos de origen industrial, como maquinaria para la preparaci\u00f3n de alimentos y bebidas y sus partes, componentes de m\u00e1quinas y aparatos para la industria del petr\u00f3leo.<\/p>\n<p>Incluso algunas manufacturas industriales volvieron a exportarse despu\u00e9s de un a\u00f1o de no venderse al exterior.<\/p>\n<p>&#8220;El aumento del d\u00f3lar hace que las empresas visualicen una mayor rentabilidad para sus exportaciones&#8221;, explic\u00f3 Virginia Donati, responsable local de la Fundaci\u00f3n ProMendoza.<\/p>\n<p>Basta recordar que en los primeros d\u00edas de enero el d\u00f3lar cotizaba a 18 pesos con monedas y actualmente fluct\u00faa en los 28 pesos.<\/p>\n<p>&#8220;Lo que notamos por las consultas que recibimos a diario \u2013a\u00f1adi\u00f3 la funcionaria a Canal 6- es que se est\u00e1 recuperando la econom\u00eda en ese sentido. Las empresas exportadoras est\u00e1n aumentando sus vol\u00famenes, y otras que hab\u00edan perdido mercados o hab\u00edan dejado de exportar, est\u00e1n tratando de iniciar acciones para recuperarlos&#8221;.<\/p>\n<p><strong>Brasil es el principal comprador<\/strong><\/p>\n<p>La ciruela seca contin\u00faa siendo el principal producto de exportaci\u00f3n del Sur mendocino y la mayor parte se vende a Brasil, por lo que cada medida arancelaria, comercial o devaluaci\u00f3n que tomen all\u00ed tiene un gran impacto en la econom\u00eda local y mendocina.<\/p>\n<p>La ciruela deshidratada sin carozo que se destina al consumo se suele vender en cajas de diez kilos.<\/p>\n<p>En tanto que la ciruela desecada con carozo que se destina principalmente a industria se env\u00eda a granel en big bags (bolsones especiales) de 500 o 1000 kilos, o bolsas de 25 kilos.<\/p>\n<p>En esta modalidad tambi\u00e9n se vende a Rusia y Estados Unidos, aunque los env\u00edos al pa\u00eds del norte est\u00e1n decayendo porque \u00faltimamente demanda certificaciones org\u00e1nicas que la producci\u00f3n sure\u00f1a carece, salvo en casos excepcionales.<\/p>\n<p>Por esta exigencia tambi\u00e9n se dificulta las exportaciones a pa\u00edses de Europa, seg\u00fan indicaron desde ProMendoza.<\/p>\n<p>Destacaron la aparici\u00f3n de Israel a partir de 2015 como mercado para los productos locales.<\/p>\n<p><img loading=\"lazy\" class=\"alignnone size-full wp-image-5317\" src=\"http:\/\/www.promendoza.com\/wp-content\/uploads\/2018\/07\/uno-3.jpg\" alt=\"\" width=\"642\" height=\"545\" \/><\/p>\n<p>Fuente: Aduana San Rafael &#8211; Fundaci\u00f3n ProMendoza<\/p>\n","protected":false},"excerpt":{"rendered":"<p>En los primeros cinco meses de 2018 los env\u00edos de productos sure\u00f1os al exterior aumentaron casi un 23%. La recuperaci\u00f3n se dio en mayor medida en la ciruela seca, el&#8230;<\/p>\n","protected":false},"author":1,"featured_media":8665,"comment_status":"closed","ping_status":"open","sticky":false,"template":"","format":"image","meta":[],"categories":[47],"tags":[],"_links":{"self":[{"href":"https:\/\/www.promendoza.com\/en\/wp-json\/wp\/v2\/posts\/5316"}],"collection":[{"href":"https:\/\/www.promendoza.com\/en\/wp-json\/wp\/v2\/posts"}],"about":[{"href":"https:\/\/www.promendoza.com\/en\/wp-json\/wp\/v2\/types\/post"}],"author":[{"embeddable":true,"href":"https:\/\/www.promendoza.com\/en\/wp-json\/wp\/v2\/users\/1"}],"replies":[{"embeddable":true,"href":"https:\/\/www.promendoza.com\/en\/wp-json\/wp\/v2\/comments?post=5316"}],"version-history":[{"count":0,"href":"https:\/\/www.promendoza.com\/en\/wp-json\/wp\/v2\/posts\/5316\/revisions"}],"wp:featuredmedia":[{"embeddable":true,"href":"https:\/\/www.promendoza.com\/en\/wp-json\/wp\/v2\/media\/8665"}],"wp:attachment":[{"href":"https:\/\/www.promendoza.com\/en\/wp-json\/wp\/v2\/media?parent=5316"}],"wp:term":[{"taxonomy":"category","embeddable":true,"href":"https:\/\/www.promendoza.com\/en\/wp-json\/wp\/v2\/categories?post=5316"},{"taxonomy":"post_tag","embeddable":true,"href":"https:\/\/www.promendoza.com\/en\/wp-json\/wp\/v2\/tags?post=5316"}],"curies":[{"name":"wp","href":"https:\/\/api.w.org\/{rel}","templated":true}]}}