{"id":5328,"date":"2018-07-30T13:23:16","date_gmt":"2018-07-30T16:23:16","guid":{"rendered":"http:\/\/www.promendoza.com\/?p=5328"},"modified":"2018-07-30T13:23:16","modified_gmt":"2018-07-30T16:23:16","slug":"con-la-venta-de-ciruela-desecada-buscan-consolidar-la-exportacion-de-productos-surenos-a-brasil","status":"publish","type":"post","link":"https:\/\/www.promendoza.com\/en\/con-la-venta-de-ciruela-desecada-buscan-consolidar-la-exportacion-de-productos-surenos-a-brasil\/","title":{"rendered":"Con la venta de ciruela desecada buscan consolidar la exportaci\u00f3n de productos sure\u00f1os a Brasil"},"content":{"rendered":"<style type=\"text\/css\"><\/style><p>El inter\u00e9s de Brasil en rubros que se producen en Mendoza es cada vez mayor y qued\u00f3 evidenciado esta semana con la venta de ocho contenedores de ciruelas desecadas. Tras esa importante experiencia, ahora el objetivo es colocar m\u00e1s y diversos productos en el plan de inversi\u00f3n de empresas brasileras para que se beneficien productores locales.<\/p>\n<p>La Fundaci\u00f3n ProMendoza ha sido el nexo en rondas de negocios de las que participaron representantes de importantes empresas brasileras y productores dedicados a diferentes rubros del sector alimenticio, frut\u00edcola y hort\u00edcola.<\/p>\n<p>En ese contexto, San Rafael y General Alvear fueron escenario de los encuentros. En el plano local, como destacamos en uno de nuestros t\u00edtulos de portada de la semana pasada, la flamante cooperativa de productores ajeros Cerro Negro qued\u00f3 encaminada para exportar sus productos a Brasil, luego del real inter\u00e9s de empresarios de ese pa\u00eds por la buena calidad del ajo, cuyo cultivo se concentra en el distrito Las Malvinas.<\/p>\n<p>El fin de semana, mediante una gacetilla difundida desde el Gobierno de Mendoza, se puso \u00e9nfasis en la relaci\u00f3n Argentina-Brasil en materia exportadora. El responsable de UniAgro (Brasil), Matheus Fedrich, concret\u00f3 la compra de ciruela desecada y se\u00f1al\u00f3 que \u201cnos interesa la calidad de los productos de Mendoza, la proximidad del mercado y el bajo arancel, que favorece el intercambio comercial\u201d.<\/p>\n<p>\u201cCompramos a granel y envasamos, para luego vender el 70% de nuestra producci\u00f3n a cadenas de supermercados de Brasil. Mendoza es una de las regiones del mundo que m\u00e1s nos interesa, porque vende todo lo que necesitamos y con una muy buena calidad\u201d, destac\u00f3 Fedrich.<\/p>\n<p>Desde ProMendoza, su director, Mario L\u00e1zzaro, subray\u00f3 que \u201cbuscamos el desarrollo territorial de toda la provincia, acercando a importantes empresarios mendocinos, que son los que gu\u00edan nuestra estrategia con sus necesidades y sus solicitudes\u201d.<\/p>\n<p>Las cuatro grandes empresas importadoras de Brasil: Satori, Uniagro, Tieli Supermercado y la Associa\u00e7\u00e3o de Red de Supermercados llegaron muy interesados en frutos secos y desecados, aceite de oliva, aceitunas y vino, precisaron desde la Provincia.<\/p>\n<p>Entre los entrevistados resalt\u00f3 la opini\u00f3n de Mart\u00edn Rubio, uno de los integrantes de la cooperativa Cerro Negro que d\u00edas atr\u00e1s pas\u00f3 por los estudios de FM Vos (91.5). \u201cCreemos que estas actividades fortalecen a nuestros peque\u00f1os empresarios y productores y que ayudan a aumentar el volumen de exportaci\u00f3n, adem\u00e1s de favorecer econom\u00edas regionales\u201d, sostuvo.<\/p>\n","protected":false},"excerpt":{"rendered":"<p>El inter\u00e9s de Brasil en rubros que se producen en Mendoza es cada vez mayor y qued\u00f3 evidenciado esta semana con la venta de ocho contenedores de ciruelas desecadas. Tras&#8230;<\/p>\n","protected":false},"author":1,"featured_media":8669,"comment_status":"closed","ping_status":"open","sticky":false,"template":"","format":"image","meta":[],"categories":[47],"tags":[],"_links":{"self":[{"href":"https:\/\/www.promendoza.com\/en\/wp-json\/wp\/v2\/posts\/5328"}],"collection":[{"href":"https:\/\/www.promendoza.com\/en\/wp-json\/wp\/v2\/posts"}],"about":[{"href":"https:\/\/www.promendoza.com\/en\/wp-json\/wp\/v2\/types\/post"}],"author":[{"embeddable":true,"href":"https:\/\/www.promendoza.com\/en\/wp-json\/wp\/v2\/users\/1"}],"replies":[{"embeddable":true,"href":"https:\/\/www.promendoza.com\/en\/wp-json\/wp\/v2\/comments?post=5328"}],"version-history":[{"count":0,"href":"https:\/\/www.promendoza.com\/en\/wp-json\/wp\/v2\/posts\/5328\/revisions"}],"wp:featuredmedia":[{"embeddable":true,"href":"https:\/\/www.promendoza.com\/en\/wp-json\/wp\/v2\/media\/8669"}],"wp:attachment":[{"href":"https:\/\/www.promendoza.com\/en\/wp-json\/wp\/v2\/media?parent=5328"}],"wp:term":[{"taxonomy":"category","embeddable":true,"href":"https:\/\/www.promendoza.com\/en\/wp-json\/wp\/v2\/categories?post=5328"},{"taxonomy":"post_tag","embeddable":true,"href":"https:\/\/www.promendoza.com\/en\/wp-json\/wp\/v2\/tags?post=5328"}],"curies":[{"name":"wp","href":"https:\/\/api.w.org\/{rel}","templated":true}]}}