{"id":5468,"date":"2018-09-26T09:35:50","date_gmt":"2018-09-26T12:35:50","guid":{"rendered":"https:\/\/www.promendoza.com\/?p=5468"},"modified":"2018-09-26T09:35:50","modified_gmt":"2018-09-26T12:35:50","slug":"tras-los-pasos-del-vino-la-fruticultura-lanzo-un-plan-estrategico-para-el-sector","status":"publish","type":"post","link":"https:\/\/www.promendoza.com\/en\/tras-los-pasos-del-vino-la-fruticultura-lanzo-un-plan-estrategico-para-el-sector\/","title":{"rendered":"Tras los pasos del vino, la fruticultura lanz\u00f3 un plan estrat\u00e9gico para el sector"},"content":{"rendered":"<style type=\"text\/css\"><\/style><h5>Con la presencia de productores de todo le Valle de Uco qued\u00f3 conformada la primera Mesa Frut\u00edcola del Valle de Uco.<\/h5>\n<p>El primer encuentro se realiz\u00f3 en las instalaciones de la C\u00e1mara de Comercio Industria Agricultura y Turismo de Tunuy\u00e1n, y cont\u00f3 con la presencia del ministro de Econom\u00eda, Infraestructura y Energ\u00eda, Mart\u00edn Kerchner; el subsecretario de Agricultura, Alejandro Zlotolov; las \u00e1reas de Desarrollo Econ\u00f3mico de los tres municipios del Valle de Uco; ISCAMEN;, ProMednoza; FEPEDI; ASPEFF; y la Sociedad Rural del Valle de Uco.<\/p>\n<p>Kerchner puso en marcha la primera Mesa Frut\u00edcola del Valle de Uco. Durante dos horas, el funcionario estuvo reunido con productores, empresarios, y organizaciones de la regi\u00f3n.<\/p>\n<p>Diego Stortini, presidente de la C\u00e1mara se\u00f1al\u00f3: \u201cLos actores del sector frut\u00edcola junto con los dirigentes empresariales han trabajado de una y otra forma con el sector p\u00fablico y privado en buscar un sendero de crecimiento pero ha sido complejo. Por ello es que me convenc\u00ed que hay que sentar a todos en una mesa y escuchar y trabajar en conjunto para poner al oasis en un nivel de competitividad\u201d.<\/p>\n<p>Comenzar a delinear el futuro de la producci\u00f3n frut\u00edcola fue el principal objetivo que se propuso la Mesa tras ser conformada en Tunuy\u00e1n. Cambiar y mejorar, para ordenar la subsistencia del sector, fueron los ejes que plante\u00f3 el Gobierno provincial, a efectos de puntualizar medidas espec\u00edficas para la producci\u00f3n regional y as\u00ed llegar con gestiones concretas.<\/p>\n<p>\u201cHa sido una buena jornada y un paso importante. Hemos manifestado que debe ser una mesa de trabajo no solamente de di\u00e1logo. Debemos trabajar todos, y para ello, nosotros como Gobierno, nos llevamos tareas para realizar\u201d, expres\u00f3 Kerchner.<\/p>\n<p>En este sentido, el funcionario sostuvo que la Mesa Frut\u00edcola del Valle de Uco se reunir\u00e1 peri\u00f3dicamente y puntualiz\u00f3: \u201cLa pr\u00f3xima vez que nos reunamos debemos lograr avances, en especial relacionados con el Fondo para la Transformaci\u00f3n. Porque adem\u00e1s de superar la coyuntura, debemos pensar en salir de una vez de la crisis. Hay que generar herramientas a medida para los productores locales\u201d. La continuidad de los encuentros tendr\u00e1 el objetivo de buscar m\u00e1s beneficios y herramientas para el agro local.<\/p>\n<p>Durante la reuni\u00f3n se present\u00f3 el Programa de Mejora Competitiva, que tiene como objeto -con una inversi\u00f3n de 100 millones de pesos- acercarles a los productores tres l\u00edneas de financiamiento, a siete a\u00f1os, con tres a\u00f1os de gracia, a tasa cero.<\/p>\n<p>La primera l\u00ednea tiene que ver con la reconversi\u00f3n de plantas, la segunda est\u00e1 relacionada con el mecanizado individual (que bien puede ser una cosechadora manual), y la tercera con la mecanizaci\u00f3n asociativa, (para grupos con 30 HA) para posibilitar contar con maquinarias de mayor porte.<\/p>\n<p>\u201cEl objetivo es invertir de la mejor manera el dinero de los mendocinos que apoya al sector\u201d, sintetiz\u00f3 el ministro.<\/p>\n<p>Los productores presentes se mostraron receptivos y dispuestos a plantear su visi\u00f3n sobre el sector. Principalmente expusieron orientaciones al Gobierno para tener en cuenta, mientras que el sector empresarial presente propuso varias ideas para generar.<\/p>\n","protected":false},"excerpt":{"rendered":"<p>Con la presencia de productores de todo le Valle de Uco qued\u00f3 conformada la primera Mesa Frut\u00edcola del Valle de Uco. El primer encuentro se realiz\u00f3 en las instalaciones de&#8230;<\/p>\n","protected":false},"author":1,"featured_media":8694,"comment_status":"closed","ping_status":"open","sticky":false,"template":"","format":"image","meta":[],"categories":[47],"tags":[],"_links":{"self":[{"href":"https:\/\/www.promendoza.com\/en\/wp-json\/wp\/v2\/posts\/5468"}],"collection":[{"href":"https:\/\/www.promendoza.com\/en\/wp-json\/wp\/v2\/posts"}],"about":[{"href":"https:\/\/www.promendoza.com\/en\/wp-json\/wp\/v2\/types\/post"}],"author":[{"embeddable":true,"href":"https:\/\/www.promendoza.com\/en\/wp-json\/wp\/v2\/users\/1"}],"replies":[{"embeddable":true,"href":"https:\/\/www.promendoza.com\/en\/wp-json\/wp\/v2\/comments?post=5468"}],"version-history":[{"count":0,"href":"https:\/\/www.promendoza.com\/en\/wp-json\/wp\/v2\/posts\/5468\/revisions"}],"wp:featuredmedia":[{"embeddable":true,"href":"https:\/\/www.promendoza.com\/en\/wp-json\/wp\/v2\/media\/8694"}],"wp:attachment":[{"href":"https:\/\/www.promendoza.com\/en\/wp-json\/wp\/v2\/media?parent=5468"}],"wp:term":[{"taxonomy":"category","embeddable":true,"href":"https:\/\/www.promendoza.com\/en\/wp-json\/wp\/v2\/categories?post=5468"},{"taxonomy":"post_tag","embeddable":true,"href":"https:\/\/www.promendoza.com\/en\/wp-json\/wp\/v2\/tags?post=5468"}],"curies":[{"name":"wp","href":"https:\/\/api.w.org\/{rel}","templated":true}]}}