{"id":5471,"date":"2018-09-27T08:50:45","date_gmt":"2018-09-27T11:50:45","guid":{"rendered":"https:\/\/www.promendoza.com\/?p=5471"},"modified":"2018-09-27T08:50:45","modified_gmt":"2018-09-27T11:50:45","slug":"mendoza-ya-le-dio-enter-al-mundo-tic","status":"publish","type":"post","link":"https:\/\/www.promendoza.com\/en\/mendoza-ya-le-dio-enter-al-mundo-tic\/","title":{"rendered":"Mendoza ya le dio &#8220;enter&#8221; al mundo TIC"},"content":{"rendered":"<style type=\"text\/css\"><\/style><h5>Mientras el desempleo crece, los paros traducen el descontento social y la reconversi\u00f3n laboral se impone en el planeta, la provincia tiene en el desarrollo y exportaci\u00f3n de productos y servicios inform\u00e1ticos una formidable v\u00eda de crecimiento. D\u00f3lar en alza mediante, la industria local del software exporta cada vez m\u00e1s y el 2019 se vislumbra a\u00fan mejor. Generar m\u00e1s trabajo y conocimiento no es imposible, incluso en un pa\u00eds cooptado por la crisis.<\/h5>\n<p>Pocos, muy pocos, son los que en medio de la inquietante crisis tienen la certeza de ver la luz al final del t\u00fanel. Uno de esos esclarecidos es la industria del software argentino, al que la subida del d\u00f3lar (116% en lo que va del 2018) favorece en especial porque mejora sustancialmente la competitividad de las empresas nacionales en el contexto de los mercados internacionales.<\/p>\n<p>En este escenario, Mendoza tiene una gran posibilidad ya que en la actualidad hay unas 40 empresas registradas que exportan productos o servicios inform\u00e1ticos. Seg\u00fan datos de ProMendoza, juntas alcanzan una facturaci\u00f3n promedio anual de U$S 80 millones, pero verde en alza mediante la perspectiva es superar en 2019 los U$S 100 millones. Para Rodolfo Giro, referente del sector de Conocimiento y Software de la Federaci\u00f3n Econ\u00f3mica de Mendoza, el crecimiento de esta industria el a\u00f1o pr\u00f3ximo podr\u00eda ser del 25 al 30%.<\/p>\n<p>Antes y despu\u00e9s de los n\u00fameros est\u00e1n los trabajadores porque a su vez estamos hablando de un mercado laboral ciertamente tentador, acorde con el perfil tecnol\u00f3gico de muchos &#8220;nativos digitales&#8221;. Las empresas mendocinas no s\u00f3lo est\u00e1n incorporando nuevos talentos sino que se encargan de potenciarlos y abrirles la puerta a un mundo que no reconoce l\u00edmites. Y aquellas que todav\u00eda no ven la tranquilizadora luz, no les queda otra que hacer foco antes de estamparse contra los bolardos de la realidad.<\/p>\n<p><strong>Una cantera de empleos<\/strong><br \/>\nLa reconversi\u00f3n del mercado laboral a escala planetaria tambi\u00e9n impacta a la vera del Aconcagua. Son muchos los mendocinos que eligen una carrera t\u00e9cnica o bien que buscan desarrollarse en un territorio vinculado a desarrollos que requieren de un imprescindible uso de la inform\u00e1tica. Hac\u00eda esas comarcas vira el rumbo del empleo, a\u00fan en un pa\u00eds en crisis como el nuestro. Sin embargo, no alcanza. Los referentes del mundo TIC coinciden en que el sector no termina de despegar del todo es por la falta de mano de obra calificada. Se corre el riesgo, incluso, de no poder satisfacer el aumento de la demanda que determina la mejora del tipo de cambio.<\/p>\n<p>Que haya tama\u00f1a cantera de empleos contrasta con un panorama laboral por dem\u00e1s complicado. El reciente informe del Indec sobre el mercado del trabajo en el pa\u00eds arroj\u00f3 n\u00fameros preocupantes: la desocupaci\u00f3n creci\u00f3 al 9,6% y 6 de cada 10 de esos desocupados son menores de 30 a\u00f1os.<\/p>\n<p>M\u00e1s que oportuno entonces que la Universidad Nacional de Cuyo concrete una nueva edici\u00f3n de la Expo de Orientaci\u00f3n Laboral y Empleo (ma\u00f1ana y pasado en el Centro de Congresos y Exposiciones), br\u00fajula indispensable para acotar la brecha de la oferta y la demanda en el rubro inform\u00e1tico. Participar\u00e1n all\u00ed 24 organizaciones p\u00fablicas, empresas privadas y consultoras con la consigna de orientar en los desaf\u00edos laborales y los perfiles que se requieren en las b\u00fasquedas de empleo.<\/p>\n<p><img loading=\"lazy\" class=\"alignnone size-full wp-image-5473\" src=\"http:\/\/www.promendoza.com\/wp-content\/uploads\/2018\/09\/tic1-2.jpg\" alt=\"\" width=\"800\" height=\"529\" \/><\/p>\n<p><strong>Made in Argentina<\/strong><\/p>\n<p>Mendoza tiene el campo tecnol\u00f3gico una de sus mayores posibilidades de crecimiento, por ende requiere de esa mano de obra capacitada que cuesta tanto conseguir. El Parque TIC, ubicado en Godoy Cruz y puesto en marcha en 2017, es una riqu\u00edsima usina de empleos y producci\u00f3n, donde lo p\u00fablico y lo privado se potencian para sintonizar con los tiempos que corren. Estos traen, de tanto en tanto, algunas buenas se\u00f1ales.<\/p>\n<p>Con el antecedente de que el a\u00f1o pasado se produjo el r\u00e9cord hist\u00f3rico de exportaciones de software made in Argentina, con una facturaci\u00f3n de casi U$S 1.700 millones (80 millones fueron aportados por firmas mendocinas), este 2018 se espera alcanzar los U$S 2.100 millones, de acuerdo con un an\u00e1lisis realizado por la C\u00e1mara de la Industria Argentina del Software. Los principales mercados son Estados Unidos, M\u00e9xico, Chile y Latinoam\u00e9rica en general.<\/p>\n<p>Apostar a una matriz productiva que incluya a la tecnolog\u00eda ya no es una utop\u00eda. Eso s\u00ed, requiere de empresarios y funcionarios p\u00fablicos que est\u00e9n a la altura del desaf\u00edo, lejos de cualquier tipo de cuadernos y muy cerca de donde se gestan las buenas ideas. Esas que generen trabajo y crecimiento para atravesar un t\u00fanel que hoy parece interminable.<\/p>\n","protected":false},"excerpt":{"rendered":"<p>Mientras el desempleo crece, los paros traducen el descontento social y la reconversi\u00f3n laboral se impone en el planeta, la provincia tiene en el desarrollo y exportaci\u00f3n de productos y&#8230;<\/p>\n","protected":false},"author":1,"featured_media":8695,"comment_status":"closed","ping_status":"open","sticky":false,"template":"","format":"image","meta":[],"categories":[56],"tags":[],"_links":{"self":[{"href":"https:\/\/www.promendoza.com\/en\/wp-json\/wp\/v2\/posts\/5471"}],"collection":[{"href":"https:\/\/www.promendoza.com\/en\/wp-json\/wp\/v2\/posts"}],"about":[{"href":"https:\/\/www.promendoza.com\/en\/wp-json\/wp\/v2\/types\/post"}],"author":[{"embeddable":true,"href":"https:\/\/www.promendoza.com\/en\/wp-json\/wp\/v2\/users\/1"}],"replies":[{"embeddable":true,"href":"https:\/\/www.promendoza.com\/en\/wp-json\/wp\/v2\/comments?post=5471"}],"version-history":[{"count":0,"href":"https:\/\/www.promendoza.com\/en\/wp-json\/wp\/v2\/posts\/5471\/revisions"}],"wp:featuredmedia":[{"embeddable":true,"href":"https:\/\/www.promendoza.com\/en\/wp-json\/wp\/v2\/media\/8695"}],"wp:attachment":[{"href":"https:\/\/www.promendoza.com\/en\/wp-json\/wp\/v2\/media?parent=5471"}],"wp:term":[{"taxonomy":"category","embeddable":true,"href":"https:\/\/www.promendoza.com\/en\/wp-json\/wp\/v2\/categories?post=5471"},{"taxonomy":"post_tag","embeddable":true,"href":"https:\/\/www.promendoza.com\/en\/wp-json\/wp\/v2\/tags?post=5471"}],"curies":[{"name":"wp","href":"https:\/\/api.w.org\/{rel}","templated":true}]}}