{"id":5515,"date":"2018-10-30T13:02:24","date_gmt":"2018-10-30T16:02:24","guid":{"rendered":"https:\/\/www.promendoza.com\/?p=5515"},"modified":"2018-10-30T13:02:24","modified_gmt":"2018-10-30T16:02:24","slug":"china-18-presidentes-en-la-expo-de-shangai-a-la-que-va-mendoza","status":"publish","type":"post","link":"https:\/\/www.promendoza.com\/en\/china-18-presidentes-en-la-expo-de-shangai-a-la-que-va-mendoza\/","title":{"rendered":"China: 18 presidentes en la Expo de Shangai a la que va Mendoza"},"content":{"rendered":"<style type=\"text\/css\"><\/style><h5>MDZ estar\u00e1 presente en la exposici\u00f3n internacional de comercio m\u00e1s grande del mundo, desde el pr\u00f3ximo 5 de noviembre en Shangai. Ya hay detalles del espectacular encuentro al que concurrir\u00e1n 22 empresas impulsadas por ProMendoza y el Consejo Federal de Inversiones, adem\u00e1s del gobierno provincial.<\/h5>\n<p>A invitaci\u00f3n del presidente chino, Xi Jinping, los l\u00edderes de 18 pa\u00edses participar\u00e1n en la primera Exposici\u00f3n Internacional de Importaciones de China (CIIE, seg\u00fan las siglas en ingl\u00e9s), programada del 5 al 10 de noviembre en Shanghai, metr\u00f3poli oriental china, inform\u00f3 hoy lunes Lu Kang, portavoz del Ministerio de Relaciones Exteriores del pa\u00eds.<\/p>\n<p>De acuerdo con Lu, entre los l\u00edderes se encuentran al presidente checo, Milos Zeman; el presidente cubano, Miguel D\u00edaz-Canel; el presidente dominicano, Danilo Medina; el presidente keniano, Uhuru Kenyatta; la presidenta lituana, Dalia Grybauskaite; el presidente paname\u00f1o, Juan Carlos Varela; el presidente de El Salvador, Salvador S\u00e1nchez Cer\u00e9n; el presidente suizo, Alain Berset; el primer ministro de las Islas Cook, Henry Puna; el primer ministro croata, Andrej Plenkovic; el primer ministro egipcio, Mostafa Madbouly; el primer ministro h\u00fangaro, Viktor Orban; el primer ministro georgiano, Mamuka Bakhtadze; el primer ministro laosiano, Thongloun Sisoulith; el primer ministro malt\u00e9s, Joseph Muscat; el primer ministro pakistan\u00ed, Imran Khan; el primer ministro ruso, Dmitry Medvedev, y el primer ministro vietnamita, Nguyen Xuan Phuc.<\/p>\n<p>Mendoza estar\u00e1 presente con 15 empresas y una delegaci\u00f3n enviada por el gobernador Alfredo Cornejo, encabezada por el ministro de Energ\u00eda, Infraestructura y Energ\u00eda, Mart\u00edn Kerchner.<\/p>\n<p>La Exposici\u00f3n Internacional de Importaciones de China (CIIE, por sus siglas en ingl\u00e9s), la primera exhibici\u00f3n mundial a nivel estatal focalizada en las importaciones, se celebrar\u00e1 del 5 al 10 de noviembre en Shanghai. \u00bfQu\u00e9 podemos esperar de esta hist\u00f3rica cita? Estos son algunos de sus datos y cifras:<\/p>\n<p>&#8212; M\u00e1s de 3.000 empresas, entre ellas 200 firmas l\u00edderes de sus respectivos sectores, de m\u00e1s de 130 pa\u00edses y regiones han confirmado su participaci\u00f3n.<\/p>\n<p>&#8212; Todos los miembros del G20 y m\u00e1s de 50 pa\u00edses y regiones implicados en la iniciativa de la Franja y la Ruta estar\u00e1n en la exposici\u00f3n.<\/p>\n<p>&#8212; El \u00e1rea de exposiciones ocupar\u00e1 270.000 metros cuadrados, el equivalente a 38 campos de f\u00fatbol.<\/p>\n<p>&#8212; Habr\u00e1 siete \u00e1reas de exposici\u00f3n: bienes de consumo, productos electr\u00f3nicos, equipos inteligentes, alimentos, art\u00edculos m\u00e9dicos y sanitarios, autom\u00f3viles y comercio de servicios.<\/p>\n<p>&#8212; Est\u00e1 previsto que visiten la feria unos 160.000 compradores nacionales e internacionales.<\/p>\n<p>&#8212; La exposici\u00f3n proporcionar\u00e1 dos pabellones est\u00e1ndar gratuitos para los pa\u00edses menos desarrollados. M\u00e1s de 30 de los 44 pa\u00edses menos desarrollados del mundo estar\u00e1n presentes en la feria.<\/p>\n<p>&#8212; Unos 5.000 art\u00edculos exhibidos har\u00e1n su debut en China durante la exposici\u00f3n.<\/p>\n<p>&#8212; Entre los oradores y conferenciantes, estar\u00e1n Jack Ma, fundador de Alibaba, Bill Gates, cofundador de Microsoft y presidente de TerraPower, y el secretario general de la Organizaci\u00f3n para la Cooperaci\u00f3n y el Desarrollo Econ\u00f3micos (OCDE), Jos\u00e9 Angel Gurria.<\/p>\n","protected":false},"excerpt":{"rendered":"<p>MDZ estar\u00e1 presente en la exposici\u00f3n internacional de comercio m\u00e1s grande del mundo, desde el pr\u00f3ximo 5 de noviembre en Shangai. Ya hay detalles del espectacular encuentro al que concurrir\u00e1n&#8230;<\/p>\n","protected":false},"author":1,"featured_media":8710,"comment_status":"closed","ping_status":"open","sticky":false,"template":"","format":"image","meta":[],"categories":[47],"tags":[],"_links":{"self":[{"href":"https:\/\/www.promendoza.com\/en\/wp-json\/wp\/v2\/posts\/5515"}],"collection":[{"href":"https:\/\/www.promendoza.com\/en\/wp-json\/wp\/v2\/posts"}],"about":[{"href":"https:\/\/www.promendoza.com\/en\/wp-json\/wp\/v2\/types\/post"}],"author":[{"embeddable":true,"href":"https:\/\/www.promendoza.com\/en\/wp-json\/wp\/v2\/users\/1"}],"replies":[{"embeddable":true,"href":"https:\/\/www.promendoza.com\/en\/wp-json\/wp\/v2\/comments?post=5515"}],"version-history":[{"count":0,"href":"https:\/\/www.promendoza.com\/en\/wp-json\/wp\/v2\/posts\/5515\/revisions"}],"wp:featuredmedia":[{"embeddable":true,"href":"https:\/\/www.promendoza.com\/en\/wp-json\/wp\/v2\/media\/8710"}],"wp:attachment":[{"href":"https:\/\/www.promendoza.com\/en\/wp-json\/wp\/v2\/media?parent=5515"}],"wp:term":[{"taxonomy":"category","embeddable":true,"href":"https:\/\/www.promendoza.com\/en\/wp-json\/wp\/v2\/categories?post=5515"},{"taxonomy":"post_tag","embeddable":true,"href":"https:\/\/www.promendoza.com\/en\/wp-json\/wp\/v2\/tags?post=5515"}],"curies":[{"name":"wp","href":"https:\/\/api.w.org\/{rel}","templated":true}]}}