{"id":5524,"date":"2018-10-31T13:21:59","date_gmt":"2018-10-31T16:21:59","guid":{"rendered":"https:\/\/www.promendoza.com\/?p=5524"},"modified":"2018-10-31T13:21:59","modified_gmt":"2018-10-31T16:21:59","slug":"el-mercosur-tiene-que-transformarse-en-una-zona-de-libre-comercio","status":"publish","type":"post","link":"https:\/\/www.promendoza.com\/en\/el-mercosur-tiene-que-transformarse-en-una-zona-de-libre-comercio\/","title":{"rendered":"\u201cEl Mercosur tiene que transformarse en una zona de libre comercio\u201d"},"content":{"rendered":"<style type=\"text\/css\"><\/style><h5>Tras las pol\u00e9micas declaraciones del futuro jefe de Hacienda de Brasil, Paulo Guedes, quien afirm\u00f3 que el Mercosur y la Argentina no ser\u00e1n prioridad para el gobierno del recientemente electo Jair Bolsonaro, FM Vos (91.5) dialog\u00f3 con Fernando Urdaniz, gerente de ProMendoza, quien destac\u00f3 la necesidad de seguir mejorando los mecanismos de comercio y la importancia que tiene este mercado para todo el continente.<\/h5>\n<p>\u201cEl Mercosur lleva muchos a\u00f1os, no ser\u00e1 f\u00e1cil desarticularlo por m\u00e1s de que un presidente o un ministro de Econom\u00eda digan que no es\u00a0prioritario. Hay mucha historia, relaciones entre los dos pa\u00edses, entre las dos econom\u00edas m\u00e1s grandes de Sudam\u00e9rica. Por lo tanto, no creo que vaya a afectar demasiado, al menos en el caso de nuestra provincia\u201d, explic\u00f3 Urdaniz, quien se\u00f1al\u00f3 que \u201cMendoza le vende muchos alimentos a Brasil que no son de f\u00e1cil sustituci\u00f3n. No les ser\u00e1 f\u00e1cil encontrar productores confiables como los mendocinos luego de una relaci\u00f3n de tantos a\u00f1os. No creo que el Gobierno de Brasil vaya a tomar alguna decisi\u00f3n que afecte a su econom\u00eda alimentaria y a sus productores\u201d.<\/p>\n<p>Agreg\u00f3 que \u201cesta situaci\u00f3n puede llevar a rever la situaci\u00f3n del Mercosur y trasladarlo de mercado com\u00fan a zona de libre comercio. Eso agilizar\u00eda much\u00edsimo a la econom\u00eda, incluida la de Mendoza\u201d, dijo, y asegur\u00f3 que \u201cactualmente los productos del exterior ingresan a Argentina con aranceles m\u00e1s bajos que a\u00f1os atr\u00e1s. No ser\u00eda descabellado pensar en una reforma para que el Mercosur pase a ser una zona de libre comercio\u201d.<\/p>\n<p><strong>LAZOS FUERTES<\/strong><br \/>\n\u201cEs muy dif\u00edcil disolver los acuerdos ya firmados entre ambos pa\u00edses, como los aranceles cero para la mayor\u00eda de los productos que exportamos. Eso es dif\u00edcil de modificar\u201d, explic\u00f3, y agreg\u00f3 que \u201csi la mercader\u00eda argentina empieza a pagar aranceles en Brasil, lo mismo pasar\u00eda con lo brasile\u00f1o en nuestro pa\u00eds, y eso no ser\u00eda conveniente para ninguno\u201d.<br \/>\n\u201cMendoza le vende un 20% de sus exportaciones a Brasil, son unos 280 millones de d\u00f3lares. Es nuestro segundo mercado, ya que el primero, con 25%, es Estados Unidos\u201d, concluy\u00f3.<\/p>\n","protected":false},"excerpt":{"rendered":"<p>Tras las pol\u00e9micas declaraciones del futuro jefe de Hacienda de Brasil, Paulo Guedes, quien afirm\u00f3 que el Mercosur y la Argentina no ser\u00e1n prioridad para el gobierno del recientemente electo&#8230;<\/p>\n","protected":false},"author":1,"featured_media":8714,"comment_status":"closed","ping_status":"open","sticky":false,"template":"","format":"image","meta":[],"categories":[47],"tags":[],"_links":{"self":[{"href":"https:\/\/www.promendoza.com\/en\/wp-json\/wp\/v2\/posts\/5524"}],"collection":[{"href":"https:\/\/www.promendoza.com\/en\/wp-json\/wp\/v2\/posts"}],"about":[{"href":"https:\/\/www.promendoza.com\/en\/wp-json\/wp\/v2\/types\/post"}],"author":[{"embeddable":true,"href":"https:\/\/www.promendoza.com\/en\/wp-json\/wp\/v2\/users\/1"}],"replies":[{"embeddable":true,"href":"https:\/\/www.promendoza.com\/en\/wp-json\/wp\/v2\/comments?post=5524"}],"version-history":[{"count":0,"href":"https:\/\/www.promendoza.com\/en\/wp-json\/wp\/v2\/posts\/5524\/revisions"}],"wp:featuredmedia":[{"embeddable":true,"href":"https:\/\/www.promendoza.com\/en\/wp-json\/wp\/v2\/media\/8714"}],"wp:attachment":[{"href":"https:\/\/www.promendoza.com\/en\/wp-json\/wp\/v2\/media?parent=5524"}],"wp:term":[{"taxonomy":"category","embeddable":true,"href":"https:\/\/www.promendoza.com\/en\/wp-json\/wp\/v2\/categories?post=5524"},{"taxonomy":"post_tag","embeddable":true,"href":"https:\/\/www.promendoza.com\/en\/wp-json\/wp\/v2\/tags?post=5524"}],"curies":[{"name":"wp","href":"https:\/\/api.w.org\/{rel}","templated":true}]}}