{"id":5528,"date":"2018-11-05T12:10:42","date_gmt":"2018-11-05T15:10:42","guid":{"rendered":"https:\/\/www.promendoza.com\/?p=5528"},"modified":"2018-11-05T12:10:42","modified_gmt":"2018-11-05T15:10:42","slug":"kerchner-mendoza-puede-mostrar-al-pais-una-salida-a-la-crisis","status":"publish","type":"post","link":"https:\/\/www.promendoza.com\/en\/kerchner-mendoza-puede-mostrar-al-pais-una-salida-a-la-crisis\/","title":{"rendered":"Kerchner: &#8220;Mendoza puede mostrar al pa\u00eds una salida a la crisis&#8221;"},"content":{"rendered":"<style type=\"text\/css\"><\/style><h5>DI\u00c1LOGO CON MART\u00cdN KERCHNER, MINISTRO DE ECONOM\u00cdA, INFRAESTRUCTURA Y ENERG\u00cdA MENDOCINO &#8211; El funcionario busca presentar a la provincia como modelo exitoso dentro de Cambiemos. No descarta ser en 2019 candidato a suceder al gobernador Cornejo, a quien le augura proyecci\u00f3n nacional.<\/h5>\n<p>Periodista: \u00bfCu\u00e1l es el objetivo de la gira en Asia?<\/p>\n<p>Mart\u00edn Kerchner: Estamos trabajando para aprovechar el vaso medio lleno: el tipo de cambio da una oportunidad a las provincias con perfil exportador. En China vamos a Shang\u00e1i, a la feria de importadores m\u00e1s grande del mundo. Habr\u00e1 22 bodegas, 18 son mendocinas. Tambi\u00e9n habilitaremos un hub log\u00edstico donde ofreceremos a bodegas y a empresas de frutas secas un lugar para distribuir sus productos. El e-commerce chino requiere de una satisfacci\u00f3n en 72 horas, no se puede enviar un contenedor y que tarde 70 d\u00edas. Tambi\u00e9n iremos a Singapur, la puerta de entrada de lo que ser\u00eda el Mercosur asi\u00e1tico. Despu\u00e9s volvemos a China, a Guandong, que tiene a su cargo Hong Kong, a otra feria con m\u00e1s bodegas y dejamos habilitado otro hub log\u00edstico. Cerramos en Dubai, que tiene acuerdos de precios con otros pa\u00edses. Esto se logra porque pusimos de pie a Mendoza. El Estado deja de ser un problema y empieza a ser una soluci\u00f3n.<\/p>\n<p>P: \u00bfY el vaso medio vac\u00edo es la crisis?<\/p>\n<p>M. K.: Estamos viviendo una crisis, s\u00ed. Pero ordenamos el Estado provincial, mejoramos los servicios b\u00e1sicos, aumentamos la obra p\u00fablica, bajamos impuestos. Tenemos el nivel de obra p\u00fablica m\u00e1s alto en 9 a\u00f1os. Podemos invertir en ganar mercados. Necesitamos sacar nuestra producci\u00f3n, que tiene un alto valor agregado. Lo podemos hacer porque estamos mejor en t\u00e9rminos fiscales. Con el populismo anterior no se pagaban ni los sueldos. Hoy estamos en 11% de inversi\u00f3n sobre el gasto total.<\/p>\n<p>P: \u00bfCu\u00e1l fue entonces el impacto de la crisis?<\/p>\n<p>M. K.: Nos impact\u00f3 como a todos, con aumentos de precios en los insumos. Tenemos paritarias atadas a inflaci\u00f3n, y por eso no tenemos conflicto con sectores gremiales. Pero estar ordenados nos permiti\u00f3 absorber el golpe. No paramos obras; es m\u00e1s, las aceleramos para no perder contra la inflaci\u00f3n.<\/p>\n<p>P: \u00bfInclusive las que se perdieron por el Fondo de la Soja?<\/p>\n<p>M. K.: Inclusive esas. Si bien lo de este a\u00f1o estaba casi todo ejecutado, reemplazamos el financiamiento. Tener margen nos permite capear cualquier situaci\u00f3n de crisis.<\/p>\n<p>P: Tambi\u00e9n son gesti\u00f3n Cambiemos, \u00bfqu\u00e9 hicieron diferente al Gobierno nacional?<\/p>\n<p>M. K.: Fuimos m\u00e1s din\u00e1micos. Antes de que nos votaran le dijimos al electorado: &#8220;La situaci\u00f3n es esta, es grave y vamos a aplicar estas medidas&#8221;. Hicimos un plan de tres etapas: 1) desembarco, 5 meses; 2) siguientes cien d\u00edas de gobierno; 3) luego: l\u00ednea de desarrollo. Por ejemplo, diversificaci\u00f3n de matriz energ\u00e9tica con renovables, dejar de ser una provincia con petr\u00f3leo para ser una provincia petrolera, aprovechar capacidad exportadora. Ese esquema lo tienen incorporado todos los funcionarios.<\/p>\n<p>P: \u00bfEs factible ser una provincia petrolera?<\/p>\n<p>M. K.: Despu\u00e9s de diez a\u00f1os fuimos la primera gesti\u00f3n que licit\u00f3 \u00e1reas de empresas que no cumplieron contratos. Hicimos la primera licitaci\u00f3n de siete \u00e1reas petroleras, algo que no se hac\u00eda desde 2010, con plazos y garant\u00edas de cauci\u00f3n. En vez de espantar inversiones, se sumaron. Ahora estamos preparando quince \u00e1reas m\u00e1s. Con la primera licitaci\u00f3n logramos un compromiso de inversi\u00f3n de $3.000 millones en tres a\u00f1os. Dejamos de caer en la curva de extracci\u00f3n de petr\u00f3leo. Tambi\u00e9n hay una oportunidad en la parte mendocina de Vaca Muerta, con una propuesta de inversi\u00f3n de capitales suizos de unos u$s1.000 millones.<\/p>\n<p>P: Lanzaron un nuevo bono fiscal, \u00bfpero qui\u00e9n invierte con estas tasas?<\/p>\n<p>M. K.: En la primera edici\u00f3n del bono se presentaron 52 proyectos por $4.000 millones de inversi\u00f3n y 2.000 puestos de trabajo. Era 2017 y la econom\u00eda aparentaba estar sana, aunque ya estaba enferma. Discutimos este a\u00f1o sacar la segunda edici\u00f3n. Y se presentaron 79 proyectos por $3.000 millones para generar 1.125 empleos. Una vez que se hace la inversi\u00f3n el Estado da un bono para pagar impuestos, que se puede vender. Es una financiaci\u00f3n a tasa cero. Esa es la tarea de un gobierno en una crisis: apoyar a los que est\u00e1n en zona de impacto y mostrar el camino. Bajar impuestos, aumentar obras , bajar costos.<\/p>\n<p>P: El Gobierno nacional no est\u00e1 haciendo eso&#8230;<\/p>\n<p>M. K.: La transici\u00f3n es compleja. Argentina quiso salir despacio, con gradualismo. Se gastaba m\u00e1s de lo que ingresaba y para que no duela se busc\u00f3 endeudamiento. Funcion\u00f3 los dos primeros a\u00f1os, con los emergentes con posibilidad de cr\u00e9dito. Hasta que se cerr\u00f3 el financiamiento. Muchos dicen: Macri tendr\u00eda que haber actuado m\u00e1s r\u00e1pido. Ahora hay que acelerar. En 2019 el FMI da si se hace la tarea. El Santo Grial es el equilibrio fiscal. A partir de ah\u00ed se empieza un acompa\u00f1amiento m\u00e1s din\u00e1mico.<\/p>\n<p>P: Dijo que en 2017 la econom\u00eda parec\u00eda sana pero estaba enferma, \u00bfcu\u00e1l es el diagn\u00f3stico ahora?<\/p>\n<p>M. K.: Hay una enfermedad de base: durante 50 a\u00f1os gastamos m\u00e1s de lo que entraba. Los pa\u00edses que salieron adelante ajustaron su cuenta para despu\u00e9s empezar a invertir. Ahora se fren\u00f3 la econom\u00eda nacional. Para que no siga creciendo la inflaci\u00f3n se subieron tasas y eso ha cortado el proceso de financiamiento de pymes. Hay que pasar estos meses. Despu\u00e9s viene un proceso de reconstrucci\u00f3n de las pymes, del consumo, del sistema econ\u00f3mico. Va a costar.<\/p>\n<p>P: \u00bfQu\u00e9 conlleva esa reconstrucci\u00f3n?<\/p>\n<p>M.K.: Tenemos un carga que nos tira hacia atr\u00e1s. Hay que empezar a empujar y eso hay que financiarlo. No se le puede decir a un productor &#8220;desaparec\u00e9&#8221;. Pero s\u00ed hay que advertirle que produce algo que no tiene mercado. El Estado tiene que ayudar para que construya algo mejor. Los estados provinciales acordaron ser m\u00e1s eficientes con el Pacto Fiscal. En Mendoza hemos mostrado ese camino. El que genera la riqueza es el privado y el Estado debe ser facilitador.<\/p>\n<p>P: Cornejo no tiene reelecci\u00f3n, \u00bfcu\u00e1l ser\u00e1 el escenario electoral?<\/p>\n<p>M. K.: Cuatro a\u00f1os es poco tiempo para poder sanear una provincia que no pagaba a empleados ni a proveedores. Necesitamos seguir. En el equipo estamos trabajando en darle continuidad al gobierno porque est\u00e1 bien valorado. El mendocino valora que la sociedad est\u00e9 un poco mejor. Se puede vivir m\u00e1s tranquilo, miramos el largo plazo.<\/p>\n<p>P: \u00bfUsted ser\u00e1 candidato a gobernador?<\/p>\n<p>M. K.: No trabajo en una candidatura, s\u00ed en visibilizar la acci\u00f3n de gobierno. Dentro del equipo hay muchas alternativas para ofrecer continuidad. Hay que seguir trabajando porque tenemos responsabilidad de gobierno.<\/p>\n<p>P: Pero tampoco descarta una candidatura&#8230;<\/p>\n<p>M. K.: Qu\u00e9 dirigente no tiene el sue\u00f1o de gobernar su provincia. Pero no es el momento de acciones de pol\u00edtico porque hay que ganar minutos en acciones de gobierno.<\/p>\n<p>P: \u00bfY a nivel nacional cu\u00e1l es la proyecci\u00f3n de Cornejo?<\/p>\n<p>M. K.: Cornejo hizo que la provincia dejara de ser vag\u00f3n de cola para pasar a ser locomotora. Mendoza puede mostrar al pa\u00eds una salida a la crisis. Tenemos para mostrar logros y esfuerzo, eso puede ayudar a la Argentina. Una agencia econ\u00f3mica dijo en estos d\u00edas: Mendoza, una casa linda en un barrio complicado. Mendoza est\u00e1 un poco mejor y puede mostrar una salida. Y Cornejo ha liderado ese proceso. Ojal\u00e1 que pueda seguir aportando.<\/p>\n<p>P: \u00bfImagina una interna en Cambiemos?<\/p>\n<p>M. K.: Lo veo a Cornejo muy enfocado en la gesti\u00f3n y en ayudar a resolver temas actuales. Y en que se escuche la voz del radicalismo dentro de Cambiemos. Es el mejor aporte que puede hacer. Capacidad le sobra y va a seguir aportando, \u00bfdesde d\u00f3nde? Cuando se acerque el momento electoral habr\u00e1 que ver lo que plantee Cambiemos.<\/p>\n<p>Entrevista de Ariel Basile.<\/p>\n","protected":false},"excerpt":{"rendered":"<p>DI\u00c1LOGO CON MART\u00cdN KERCHNER, MINISTRO DE ECONOM\u00cdA, INFRAESTRUCTURA Y ENERG\u00cdA MENDOCINO &#8211; El funcionario busca presentar a la provincia como modelo exitoso dentro de Cambiemos. No descarta ser en 2019&#8230;<\/p>\n","protected":false},"author":1,"featured_media":8715,"comment_status":"closed","ping_status":"open","sticky":false,"template":"","format":"image","meta":[],"categories":[51],"tags":[],"_links":{"self":[{"href":"https:\/\/www.promendoza.com\/en\/wp-json\/wp\/v2\/posts\/5528"}],"collection":[{"href":"https:\/\/www.promendoza.com\/en\/wp-json\/wp\/v2\/posts"}],"about":[{"href":"https:\/\/www.promendoza.com\/en\/wp-json\/wp\/v2\/types\/post"}],"author":[{"embeddable":true,"href":"https:\/\/www.promendoza.com\/en\/wp-json\/wp\/v2\/users\/1"}],"replies":[{"embeddable":true,"href":"https:\/\/www.promendoza.com\/en\/wp-json\/wp\/v2\/comments?post=5528"}],"version-history":[{"count":0,"href":"https:\/\/www.promendoza.com\/en\/wp-json\/wp\/v2\/posts\/5528\/revisions"}],"wp:featuredmedia":[{"embeddable":true,"href":"https:\/\/www.promendoza.com\/en\/wp-json\/wp\/v2\/media\/8715"}],"wp:attachment":[{"href":"https:\/\/www.promendoza.com\/en\/wp-json\/wp\/v2\/media?parent=5528"}],"wp:term":[{"taxonomy":"category","embeddable":true,"href":"https:\/\/www.promendoza.com\/en\/wp-json\/wp\/v2\/categories?post=5528"},{"taxonomy":"post_tag","embeddable":true,"href":"https:\/\/www.promendoza.com\/en\/wp-json\/wp\/v2\/tags?post=5528"}],"curies":[{"name":"wp","href":"https:\/\/api.w.org\/{rel}","templated":true}]}}