{"id":5611,"date":"2018-11-13T13:42:18","date_gmt":"2018-11-13T16:42:18","guid":{"rendered":"https:\/\/www.promendoza.com\/?p=5611"},"modified":"2018-11-13T13:42:18","modified_gmt":"2018-11-13T16:42:18","slug":"kerchner-regresa-a-mendoza-tras-la-gira-comercial-por-asia","status":"publish","type":"post","link":"https:\/\/www.promendoza.com\/en\/kerchner-regresa-a-mendoza-tras-la-gira-comercial-por-asia\/","title":{"rendered":"Kerchner regresa a Mendoza tras la gira comercial por Asia"},"content":{"rendered":"<style type=\"text\/css\"><\/style><h5>El ministro de Econom\u00eda, Infraestructura y Energ\u00eda, Mart\u00edn Kerchner, regres\u00f3 a Argentina tras la gira comercial por Asia, y realiz\u00f3 un balance de la misma en el programa &#8220;Sin Verso&#8221; de FM 90.1 Radio Andina.<\/h5>\n<p>Durante la escala en Buenos Aires, el funcionario analiz\u00f3 lo logrado en la misi\u00f3n por China, Singapur y Emiratos \u00c1rabes y se refiri\u00f3 al inter\u00e9s por las minas de sales en Malarg\u00fce. &#8220;Todos sabemos que el potasio est\u00e1 muy bajo en el precio y va a llevar unos a\u00f1os que se reactive. Hemos logrado que los chinos nos vengan a visitar. Es probable que antes de fin de a\u00f1o los tengamos en Mendoza&#8221;, manifest\u00f3.<\/p>\n<p>Asimismo, celebr\u00f3 la instalaci\u00f3n del hub log\u00edstico en la ciudad de Guanzhou. &#8220;Est\u00e1n despachados los primeros contenedores con vino a China, el primero ya tiene el 30% del vino vendido&#8221;, afirm\u00f3<\/p>\n<p>Kerchner se\u00f1al\u00f3 que encontr\u00f3 &#8220;un inter\u00e9s muy fuerte en energ\u00edas renovables, en financiamiento para parques solares y e\u00f3licos&#8221; y anticip\u00f3 que en los pr\u00f3ximos meses se licitar\u00e1n en la provincia \u00e1reas petroleras convencionales y no convencionales.<\/p>\n<p>Por otra parte, relat\u00f3 que en la visita a Emiratos \u00c1rabes hubo conversaciones para la exportaci\u00f3n de oliva, frutas secas y latas de conserva.<\/p>\n","protected":false},"excerpt":{"rendered":"<p>El ministro de Econom\u00eda, Infraestructura y Energ\u00eda, Mart\u00edn Kerchner, regres\u00f3 a Argentina tras la gira comercial por Asia, y realiz\u00f3 un balance de la misma en el programa &#8220;Sin Verso&#8221;&#8230;<\/p>\n","protected":false},"author":1,"featured_media":8748,"comment_status":"closed","ping_status":"open","sticky":false,"template":"","format":"image","meta":[],"categories":[47],"tags":[],"_links":{"self":[{"href":"https:\/\/www.promendoza.com\/en\/wp-json\/wp\/v2\/posts\/5611"}],"collection":[{"href":"https:\/\/www.promendoza.com\/en\/wp-json\/wp\/v2\/posts"}],"about":[{"href":"https:\/\/www.promendoza.com\/en\/wp-json\/wp\/v2\/types\/post"}],"author":[{"embeddable":true,"href":"https:\/\/www.promendoza.com\/en\/wp-json\/wp\/v2\/users\/1"}],"replies":[{"embeddable":true,"href":"https:\/\/www.promendoza.com\/en\/wp-json\/wp\/v2\/comments?post=5611"}],"version-history":[{"count":0,"href":"https:\/\/www.promendoza.com\/en\/wp-json\/wp\/v2\/posts\/5611\/revisions"}],"wp:featuredmedia":[{"embeddable":true,"href":"https:\/\/www.promendoza.com\/en\/wp-json\/wp\/v2\/media\/8748"}],"wp:attachment":[{"href":"https:\/\/www.promendoza.com\/en\/wp-json\/wp\/v2\/media?parent=5611"}],"wp:term":[{"taxonomy":"category","embeddable":true,"href":"https:\/\/www.promendoza.com\/en\/wp-json\/wp\/v2\/categories?post=5611"},{"taxonomy":"post_tag","embeddable":true,"href":"https:\/\/www.promendoza.com\/en\/wp-json\/wp\/v2\/tags?post=5611"}],"curies":[{"name":"wp","href":"https:\/\/api.w.org\/{rel}","templated":true}]}}