{"id":5747,"date":"2019-01-07T11:42:32","date_gmt":"2019-01-07T14:42:32","guid":{"rendered":"https:\/\/www.promendoza.com\/?p=5747"},"modified":"2019-01-07T11:42:32","modified_gmt":"2019-01-07T14:42:32","slug":"comenzaron-a-mandar-cerezas-a-china-y-esperan-por-mendoza","status":"publish","type":"post","link":"https:\/\/www.promendoza.com\/en\/comenzaron-a-mandar-cerezas-a-china-y-esperan-por-mendoza\/","title":{"rendered":"Comenzaron a mandar cerezas a China y esperan por Mendoza"},"content":{"rendered":"<style type=\"text\/css\"><\/style>\n<figure class=\"wp-block-image\"><img src=\"http:\/\/www.promendoza.com\/wp-content\/uploads\/2019\/01\/cerezas-2.jpg_1622492488-2.jpg\" alt=\"\" class=\"wp-image-5748\"\/><\/figure>\n\n\n\n<p><strong>Hoy sali\u00f3 el primer embarque de esas frutas con rumbo al gigante asi\u00e1tico. Esperan que nuestra provincia se sume a las exportadoras el a\u00f1o que viene.<\/strong> <\/p>\n\n\n\n<p> La Argentina envi\u00f3 oficialmente hoy su primer embarque de cerezas a China despu\u00e9s de que ambos pa\u00edses firmaran el 3 de diciembre pasado el protocolo fitosanitario que agiliza la comercializaci\u00f3n de fruta fina al mercado oriental de manera directa. Si bien Mendoza todav\u00eda no se encuentra entre las provincias exportadoras, esperan que se sume el a\u00f1o pr\u00f3ximo. <\/p>\n\n\n\n<p>Hasta hoy las exportaciones resultaban m\u00e1s complejas desde el aspecto sanitario y deb\u00edan realizarse a trav\u00e9s de Hong Kong como primer punto de destino.<\/p>\n\n\n\n<p>El embarque, ocho contenedores con 160 toneladas de la cerezas, sali\u00f3 hoy desde Alto Valle de R\u00edo Negro y Neuqu\u00e9n para ser entregado en los pr\u00f3ximos d\u00edas en el puerto chileno de Valpara\u00edso y de all\u00ed seguir\u00e1n en barco hasta el pa\u00eds oriental.<\/p>\n\n\n\n<p>\u201cEsto es fortalecer la diversificaci\u00f3n de la matriz econ\u00f3mica y productiva en la provincia\u201d, indic\u00f3 el gobernador Omar Guti\u00e9rrez en el acto que tuvo lugar en la ciudad de Neuqu\u00e9n y del que particip\u00f3 una comitiva comitiva de China, integrada por los funcionarios Huang Qinglin y Ou Wentao.&nbsp;<\/p>\n\n\n\n<p>Tambi\u00e9n estuvieron presentes los ministros de Producci\u00f3n e Industria de Neuqu\u00e9n, Facundo L\u00f3pez Raggi; de Agricultura, Ganader\u00eda y Pesca de R\u00edo Negro, Alberto Diomedi, de Producci\u00f3n de Chubut, Hern\u00e1n Alonso y el titular del Senasa, Ricardo Negri.<\/p>\n\n\n\n<p>\u201cEn esta \u00e9poca del a\u00f1o, cuando se festeja el A\u00f1o Nuevo Chino, las cerezas se cotizan a un valor de US$0,70 centavos la unidad, unos $28 la cereza, por eso tambi\u00e9n quer\u00edamos acelerar el env\u00edo\u201d, indic\u00f3 el gobernador Omar Guti\u00e9rrez.<\/p>\n\n\n\n<p>Las autoridades chinas estar\u00e1n en la regi\u00f3n hasta el 12 de enero para hacer los \u00faltimos controles a la producci\u00f3n al tiempo que continuar\u00e1n visitando establecimientos productivos de las provincias de Neuqu\u00e9n, R\u00edo Negro y Chubut interioriz\u00e1ndose de sus t\u00e9cnicas de trabajo.<\/p>\n\n\n\n<p>\u201cEl objetivo es que se sume Mendoza a partir del a\u00f1o que viene. Esperamos que luego de esta apertura de este mercado, el m\u00e1s importante para las cerezas a nivel mundial, se puedan realizar nuevas inversiones\u201d, detall\u00f3 Negri en el acto.<\/p>\n\n\n\n<p>La producci\u00f3n nacional de esta fruta fina supera las 13.000 toneladas de las cuales 5.500 son para exportaci\u00f3n, seg\u00fan cifras de la industria.<\/p>\n\n\n\n<p>La Patagonia tiene hoy m\u00e1s de 1.100 hect\u00e1reas plantadas que se reparten entre R\u00edo Negro (420), Neuqu\u00e9n (250), Chubut (170) y Santa Cruz (200). R\u00edo Negro cosech\u00f3 en 2018 m\u00e1s de 2.200 toneladas de cerezas.<\/p>\n\n\n\n<p>Los principales pa\u00edses a los que se les vende esta fruta son Reino Unido, Emiratos \u00c1rabes, Estados Unidos, Jap\u00f3n y Canad\u00e1.<\/p>\n","protected":false},"excerpt":{"rendered":"<p>Hoy sali\u00f3 el primer embarque de esas frutas con rumbo al gigante asi\u00e1tico. Esperan que nuestra provincia se sume a las exportadoras el a\u00f1o que viene. La Argentina envi\u00f3 oficialmente&#8230;<\/p>\n","protected":false},"author":1,"featured_media":8770,"comment_status":"closed","ping_status":"open","sticky":false,"template":"","format":"image","meta":[],"categories":[47],"tags":[],"_links":{"self":[{"href":"https:\/\/www.promendoza.com\/en\/wp-json\/wp\/v2\/posts\/5747"}],"collection":[{"href":"https:\/\/www.promendoza.com\/en\/wp-json\/wp\/v2\/posts"}],"about":[{"href":"https:\/\/www.promendoza.com\/en\/wp-json\/wp\/v2\/types\/post"}],"author":[{"embeddable":true,"href":"https:\/\/www.promendoza.com\/en\/wp-json\/wp\/v2\/users\/1"}],"replies":[{"embeddable":true,"href":"https:\/\/www.promendoza.com\/en\/wp-json\/wp\/v2\/comments?post=5747"}],"version-history":[{"count":0,"href":"https:\/\/www.promendoza.com\/en\/wp-json\/wp\/v2\/posts\/5747\/revisions"}],"wp:featuredmedia":[{"embeddable":true,"href":"https:\/\/www.promendoza.com\/en\/wp-json\/wp\/v2\/media\/8770"}],"wp:attachment":[{"href":"https:\/\/www.promendoza.com\/en\/wp-json\/wp\/v2\/media?parent=5747"}],"wp:term":[{"taxonomy":"category","embeddable":true,"href":"https:\/\/www.promendoza.com\/en\/wp-json\/wp\/v2\/categories?post=5747"},{"taxonomy":"post_tag","embeddable":true,"href":"https:\/\/www.promendoza.com\/en\/wp-json\/wp\/v2\/tags?post=5747"}],"curies":[{"name":"wp","href":"https:\/\/api.w.org\/{rel}","templated":true}]}}