{"id":6400,"date":"2019-04-09T13:43:36","date_gmt":"2019-04-09T16:43:36","guid":{"rendered":"https:\/\/www.promendoza.com\/?p=6400"},"modified":"2019-04-09T13:43:36","modified_gmt":"2019-04-09T16:43:36","slug":"mendoza-vende-sus-franquicias-a-latinoamerica","status":"publish","type":"post","link":"https:\/\/www.promendoza.com\/en\/mendoza-vende-sus-franquicias-a-latinoamerica\/","title":{"rendered":"Mendoza vende sus franquicias a Latinoam\u00e9rica"},"content":{"rendered":"<style type=\"text\/css\"><\/style><h5>En el marco de la feria Expo Franquicias Cuyo, que se desarrollar\u00e1 hoy y ma\u00f1ana en la Nave Cultural en Ciudad, se concretar\u00e1n esta tarde 60 reuniones de negocios entre 12 franquiciantes mendocinos y 5 importadores de Per\u00fa y Uruguay, con la ayuda y coordinaci\u00f3n de la Fundaci\u00f3n ProMendoza.<\/h5>\n<p>Los importadores que llegaron a la provincia est\u00e1n interesados en diversos rubros de franquicias: alimentos, gastronom\u00eda, servicios, innovaci\u00f3n, est\u00e9tica y peluquer\u00eda, indumentaria, accesorios y marroquiner\u00eda.<\/p>\n<p><strong>Segunda edici\u00f3n de la Expo<\/strong><\/p>\n<p>Hoy y ma\u00f1ana se podr\u00e1 visitar en la Nave Cultural la feria Expo Franquicias Cuyo, que busca potenciar el desarrollo de marcas locales y expandirlas nacional e internacionalmente.<\/p>\n<p>La Expo Franquicias 2019 contar\u00e1 con locales de marcas de franquicias de todo el pa\u00eds, ciclo de conferencias relacionadas con el sector y ronda de negocios.<\/p>\n<p>Mendoza lidera la regi\u00f3n de Cuyo en el tema de franquicias y representa el 5% a nivel nacional. Actualmente, las franquicias mendocinas est\u00e1n en Chile, Per\u00fa, Colombia y Ecuador.<\/p>\n<p>Adem\u00e1s, ocupa el cuarto lugar en cantidad de franquicias y que se han duplicado en los \u00faltimos tres a\u00f1os, debido a la cantidad de marcas que se incorporan al sistema.<\/p>\n<p>La provincia es considerada la quinta plaza m\u00e1s importante de este tipo de exposiciones del sector en Sudam\u00e9rica, por su magnitud tanto en cantidad de stands como de visitantes.<\/p>\n<p>\u201cEn esta segunda edici\u00f3n esperamos contar con m\u00e1s de 50 expositores y la particularidad que tambi\u00e9n tendremos presencia internacional con empresas y consultoras provenientes de Per\u00fa y Uruguay\u201d, asegur\u00f3 Nicol\u00e1s Suraci, director de Suraci International Business, organizador del encuentro.<\/p>\n<p>\u201cAlrededor de 60 modelos de franquicias est\u00e1n trabajando en Mendoza: tecnolog\u00eda, servicios, tabaquer\u00eda, cerveza artesanal, nanotecnolog\u00eda y modelos innovadores\u201d, inform\u00f3 Suraci.<\/p>\n<p>La Expo incluye un ciclo de seminarios de capacitaci\u00f3n, actualizaci\u00f3n y emprendimientos, en donde se desarrollar\u00e1n tem\u00e1ticas con especialistas, expertos y representantes de marcas exitosas que compartir\u00e1n su experiencia.<\/p>\n","protected":false},"excerpt":{"rendered":"<p>En el marco de la feria Expo Franquicias Cuyo, que se desarrollar\u00e1 hoy y ma\u00f1ana en la Nave Cultural en Ciudad, se concretar\u00e1n esta tarde 60 reuniones de negocios entre&#8230;<\/p>\n","protected":false},"author":1,"featured_media":8803,"comment_status":"closed","ping_status":"open","sticky":false,"template":"","format":"image","meta":[],"categories":[93],"tags":[],"_links":{"self":[{"href":"https:\/\/www.promendoza.com\/en\/wp-json\/wp\/v2\/posts\/6400"}],"collection":[{"href":"https:\/\/www.promendoza.com\/en\/wp-json\/wp\/v2\/posts"}],"about":[{"href":"https:\/\/www.promendoza.com\/en\/wp-json\/wp\/v2\/types\/post"}],"author":[{"embeddable":true,"href":"https:\/\/www.promendoza.com\/en\/wp-json\/wp\/v2\/users\/1"}],"replies":[{"embeddable":true,"href":"https:\/\/www.promendoza.com\/en\/wp-json\/wp\/v2\/comments?post=6400"}],"version-history":[{"count":0,"href":"https:\/\/www.promendoza.com\/en\/wp-json\/wp\/v2\/posts\/6400\/revisions"}],"wp:featuredmedia":[{"embeddable":true,"href":"https:\/\/www.promendoza.com\/en\/wp-json\/wp\/v2\/media\/8803"}],"wp:attachment":[{"href":"https:\/\/www.promendoza.com\/en\/wp-json\/wp\/v2\/media?parent=6400"}],"wp:term":[{"taxonomy":"category","embeddable":true,"href":"https:\/\/www.promendoza.com\/en\/wp-json\/wp\/v2\/categories?post=6400"},{"taxonomy":"post_tag","embeddable":true,"href":"https:\/\/www.promendoza.com\/en\/wp-json\/wp\/v2\/tags?post=6400"}],"curies":[{"name":"wp","href":"https:\/\/api.w.org\/{rel}","templated":true}]}}