{"id":6420,"date":"2019-04-06T10:16:59","date_gmt":"2019-04-06T13:16:59","guid":{"rendered":"https:\/\/www.promendoza.com\/?p=6420"},"modified":"2019-04-06T10:16:59","modified_gmt":"2019-04-06T13:16:59","slug":"hacia-donde-exportar-el-mapa-del-comercio-exterior-de-mendoza","status":"publish","type":"post","link":"https:\/\/www.promendoza.com\/en\/hacia-donde-exportar-el-mapa-del-comercio-exterior-de-mendoza\/","title":{"rendered":"Hacia d\u00f3nde exportar: el mapa del comercio exterior de Mendoza"},"content":{"rendered":"<style type=\"text\/css\"><\/style><h5>&#8220;Inteligencia comercial&#8221;. Aqu\u00ed, el documento que representa una verdadera gu\u00eda para exportadores o potenciales empresas que pueden empezar a exportar. Fue presentado el jueves por ProMendoza y da cuenta de numerosas oportunidades. Lo que pasa y lo que podr\u00eda pasar.<\/h5>\n<p>Mendoza tiene muchas oportunidades de multiplicar los destinos de sus productos y conseguir que la matriz productiva se transforme en matriz exportadora. Aqu\u00ed MDZ comparte el documento elaborado por el \u00e1rea de Inteligencia Comercial de la Fundaci\u00f3n ProMendoza, que define qu\u00e9 exportamos y las potencialidades existentes. A la vez, convoca a todos quienes deseen\u00a0 exportar por primera vez o participar de las 80 oportunidades comerciales que ofrece 2019, a comunicarse con la entidad p\u00fablico privada.<\/p>\n<p><img loading=\"lazy\" class=\"alignnone size-full wp-image-6421\" src=\"http:\/\/www.promendoza.com\/wp-content\/uploads\/2019\/04\/5ca754ff993da-1.jpeg\" alt=\"\" width=\"800\" height=\"807\" \/><\/p>\n<p id=\"m140-139-141\" class=\"paragraph \">La econom\u00eda brasile\u00f1a inici\u00f3 el a\u00f1o 2018 continuando con el crecimiento econ\u00f3mico, si bien leve, registrado en el 2017. Tras dos a\u00f1os de recesi\u00f3n, la cual se inici\u00f3 en el 2015 y\u00a0continu\u00f3 durante el 2016 con una contracci\u00f3n del Producto Bruto Interno (PBI) del 3,6%,\u00a0seg\u00fan el Instituto Brasile\u00f1o de Geograf\u00eda y Estad\u00edsticas (IBGE), esta tendencia se revirti\u00f3\u00a0finalmente el a\u00f1o pasado.<\/p>\n<p id=\"m145-144-146\" class=\"paragraph \">Para el sector externo, el 2017 marc\u00f3 records hist\u00f3ricos positivos. La balanza comercial\u00a0brasile\u00f1a obtuvo un super\u00e1vit de U$D 66.990 millones. En el a\u00f1o las exportaciones\u00a0totalizaron U$D 217.740 millones, un incremento interanual del 17,5% y las importaciones fueron de U$D 150.750 millones, con una expansi\u00f3n del 9,4%.<\/p>\n<div class=\"article-content-ad \">\n<div id=\"m29-27-30\"><\/div>\n<\/div>\n<p id=\"m155-154-156\" class=\"paragraph \">En este contexto, el flujo comercial bilateral de Argentina y Brasil de 2017 fue de\u00a0U$D 27.053 millones, con una alza del 20,0% con relaci\u00f3n al a\u00f1o anterior. El saldo fue\u00a0superavitario para Brasil en U$D 8.183 millones, un r\u00e9cord hist\u00f3rico, con exportaciones\u00a0brasile\u00f1as por U$D 17.618 millones (incremento del 31%) y exportaciones argentinas de\u00a0U$D 9.435 millones (alza del 3,8%).<\/p>\n<p id=\"m160-159-161\" class=\"paragraph \"><strong>Las exportaciones de Argentina con destino a Brasil en el 2018 fueron por un total de\u00a013.165 millones de d\u00f3lares, siendo \u00e9ste el principal destino.\u00a0<\/strong><\/p>\n<p><img loading=\"lazy\" class=\"alignnone size-full wp-image-6422\" src=\"http:\/\/www.promendoza.com\/wp-content\/uploads\/2019\/04\/5ca7555eae7cc-1.jpeg\" alt=\"\" width=\"800\" height=\"292\" \/><\/p>\n<p>Mientras que las exportaciones de Mendoza con destino a Brasil en el mes de octubre\u00a0fueron por un total de 279.5 millones de d\u00f3lares siendo \u00e9ste el 2\u00b0 mercado de las\u00a0exportaciones; Brasil representa un mercado atractivo, por la distancia geogr\u00e1fica y los\u00a0acuerdos que se tienen con el vecino pa\u00eds.\u00a0Los productos que m\u00e1s se exportan a ese mercado son: vino, ajo, cebolla, ciruelas\u00a0desecadas, materiales pl\u00e1sticos, entre otros.\u00a0Nuestro objetivo es aumentar el posicionamiento de estos productos en Brasil ya que es\u00a0de los pocos mercados a los que accedemos con arancel 0 por ser miembros del\u00a0Mercosur.<\/p>\n<p><img loading=\"lazy\" class=\"alignnone size-full wp-image-6423\" src=\"http:\/\/www.promendoza.com\/wp-content\/uploads\/2019\/04\/5ca755cb47693-1.png\" alt=\"\" width=\"800\" height=\"991\" \/><\/p>\n<p id=\"m254-253-255\" class=\"paragraph \">El Comercio Exterior es esencial para Chile y su econom\u00eda, por lo que cualquier pol\u00edtica\u00a0que se lleve adelante tiene como uno de los principales objetivos facilitar la operatoria\u00a0comercial y perfilar al pa\u00eds como un \u201cglobal trader\u201d.<\/p>\n<p id=\"m259-258-260\" class=\"paragraph \">En efecto, un pa\u00eds con un mercado interno reducido como el chileno requiere de una\u00a0participaci\u00f3n activa en el comercio internacional para mantener de forma sostenida sus\u00a0tasas de crecimiento, niveles de empleo, innovaci\u00f3n tecnol\u00f3gica y eficacia en la asignaci\u00f3n\u00a0de los recursos.<\/p>\n<p id=\"m264-263-265\" class=\"paragraph \"><strong>RELACIONES COMERCIALES ARGENTINA \u2013 CHILE<\/strong><\/p>\n<p><img loading=\"lazy\" class=\"alignnone size-full wp-image-6424\" src=\"http:\/\/www.promendoza.com\/wp-content\/uploads\/2019\/04\/5ca756512d8b0-1.jpeg\" alt=\"\" width=\"800\" height=\"565\" \/><\/p>\n<p id=\"m325-324-326\" class=\"paragraph \">Al mes de octubre de 2018, las exportaciones de Mendoza a Chile fueron por un valor<\/p>\n<p id=\"m330-329-331\" class=\"paragraph \">FOB (U$D) 66.3 MM posicion\u00e1ndolo como el 4\u00b0 destino de las exportaciones de Mendoza\u00a0en cuanto a Precio y el 3\u00b0 en cuanto a volumen.<\/p>\n<p id=\"m335-334-336\" class=\"paragraph \">Chile es un socio comercial estrat\u00e9gico, no solo por su cercan\u00eda con Mendoza, sino\u00a0tambi\u00e9n por el acuerdo que se prev\u00e9 implementar, siendo este pa\u00eds el primer miembro de la Alianza del Pac\u00edfico en realizarlo. Tambi\u00e9n representa un interesante mercado para la industria creativa, ya que \u00e9ste es un sector que est\u00e1 cada vez m\u00e1s abierto a la\u00a0participaci\u00f3n extranjera.<\/p>\n<p><img loading=\"lazy\" class=\"alignnone size-full wp-image-6425\" src=\"http:\/\/www.promendoza.com\/wp-content\/uploads\/2019\/04\/5ca756dac1d0c-1.jpeg\" alt=\"\" width=\"800\" height=\"727\" \/><\/p>\n<p>En ProMendoza pod\u00e9s pedir los informes disponibles sobre el comercio con M\u00e9xico, Per\u00fa, Colombia, Bolivia, Costa Rica, Panam\u00e1, Ecuador, Estados Unidos, Uni\u00f3n Europea, China, Rusia, Taiw\u00e1n, Ucrania, Singapur.<\/p>\n","protected":false},"excerpt":{"rendered":"<p>&#8220;Inteligencia comercial&#8221;. Aqu\u00ed, el documento que representa una verdadera gu\u00eda para exportadores o potenciales empresas que pueden empezar a exportar. Fue presentado el jueves por ProMendoza y da cuenta de&#8230;<\/p>\n","protected":false},"author":1,"featured_media":8810,"comment_status":"closed","ping_status":"open","sticky":false,"template":"","format":"image","meta":[],"categories":[47],"tags":[],"_links":{"self":[{"href":"https:\/\/www.promendoza.com\/en\/wp-json\/wp\/v2\/posts\/6420"}],"collection":[{"href":"https:\/\/www.promendoza.com\/en\/wp-json\/wp\/v2\/posts"}],"about":[{"href":"https:\/\/www.promendoza.com\/en\/wp-json\/wp\/v2\/types\/post"}],"author":[{"embeddable":true,"href":"https:\/\/www.promendoza.com\/en\/wp-json\/wp\/v2\/users\/1"}],"replies":[{"embeddable":true,"href":"https:\/\/www.promendoza.com\/en\/wp-json\/wp\/v2\/comments?post=6420"}],"version-history":[{"count":0,"href":"https:\/\/www.promendoza.com\/en\/wp-json\/wp\/v2\/posts\/6420\/revisions"}],"wp:featuredmedia":[{"embeddable":true,"href":"https:\/\/www.promendoza.com\/en\/wp-json\/wp\/v2\/media\/8810"}],"wp:attachment":[{"href":"https:\/\/www.promendoza.com\/en\/wp-json\/wp\/v2\/media?parent=6420"}],"wp:term":[{"taxonomy":"category","embeddable":true,"href":"https:\/\/www.promendoza.com\/en\/wp-json\/wp\/v2\/categories?post=6420"},{"taxonomy":"post_tag","embeddable":true,"href":"https:\/\/www.promendoza.com\/en\/wp-json\/wp\/v2\/tags?post=6420"}],"curies":[{"name":"wp","href":"https:\/\/api.w.org\/{rel}","templated":true}]}}