{"id":6475,"date":"2019-05-10T09:38:37","date_gmt":"2019-05-10T12:38:37","guid":{"rendered":"https:\/\/www.promendoza.com\/?p=6475"},"modified":"2019-05-10T09:38:37","modified_gmt":"2019-05-10T12:38:37","slug":"seminario-pymes-de-el-cronista-llega-a-mendoza","status":"publish","type":"post","link":"https:\/\/www.promendoza.com\/en\/seminario-pymes-de-el-cronista-llega-a-mendoza\/","title":{"rendered":"Seminario Pymes de El Cronista llega a Mendoza"},"content":{"rendered":"<style type=\"text\/css\"><\/style><h3>Se llevar\u00e1 a cabo junto con diario Los Andes. Tendr\u00e1 lugar el 21 de mayo en el auditorio Adolfo Calle con entrada gratuita.<\/h3>\n<p>&nbsp;<\/p>\n<p><strong>Por primera vez, el pr\u00f3ximo martes 21 de mayo a partir de las 8.30 tendr\u00e1 lugar en el auditorio Adolfo Calle el primer Seminario Pymes en Mendoza, junto a Diario Los Andes.\u00a0<\/strong>Este foro cuenta con una trayectoria de m\u00e1s de 10 a\u00f1os en<strong>\u00a0Buenos Aires, C\u00f3rdoba y Rosario,<\/strong>\u00a0y por primera vez se llevar\u00e1 a cabo en Mendoza.<\/p>\n<p>Las peque\u00f1as y medianas empresas tienen en la actualidad un lugar destacado dentro del mercado, cumpliendo de esta manera un rol importante en la econom\u00eda argentina. Este encuentro les brindar\u00e1 la posibilidad de reunirse para compartir media jornada especialmente dedicada a ellas y las tem\u00e1ticas que\u00a0m\u00e1s les interesan.<\/p>\n<p>En<strong>\u00a0\u201cpymes\u201d\u00a0<\/strong>se analizar\u00e1n las claves para entender y gestionar el sector; herramientas para la toma de decisiones, asignaci\u00f3n de roles y c\u00f3mo lograr el liderazgo; el an\u00e1lisis de ventajas y desventajas al momento de armar un negocio de nicho, poniendo \u00e9nfasis en el estudio del escenario actual.<\/p>\n<p><img loading=\"lazy\" class=\"alignnone size-full wp-image-6476\" src=\"http:\/\/www.promendoza.com\/wp-content\/uploads\/2019\/05\/image5cd5d3d07ff98.jpg\" alt=\"\" width=\"850\" height=\"406\" \/><\/p>\n<h3><strong>Speakers<\/strong><\/h3>\n<p>Entre los disertantes de la jornada figuran Mart\u00edn Kerchner Tomba, Ministro de Econom\u00eda,\u00a0Ide Mendoza; Mario Lazzaro, director de Promendoza; Augusto Mustaf\u00e1, CEO Fundador Elepants; Gustavo Reyes, Economista Jefe Ieral; Federico Manzuoli, CEO de Guapaletas;\u00a0Elena Alonso, Presidente Nix Valores y\u00a0Jer\u00f3nimo Bustos, gerente de Cuyo Aval, entre otros.<\/p>\n<h3><strong>En detalle<\/strong><\/h3>\n<p><strong>D\u00eda:\u00a0<\/strong>martes 21 de mayo<\/p>\n<p><strong>Horario:<\/strong>\u00a0De 8.30 a 13 hs.<\/p>\n<div class=\"row peperito general article-box no-margin-sides\">\n<div class=\"col-xs-24 no-padding-sides\"><\/div>\n<\/div>\n<p><strong>Lugar:\u00a0<\/strong>Auditorio Adolfo Calle, Primitivo de la Reta 1042, Ciudad<\/p>\n<p><strong>Inscripci\u00f3n:<\/strong>\u00a0sin cargo en\u00a0<strong><a href=\"http:\/\/eventos.cronista.com\/PYMES_MENDOZA_2019?utm_source=DLA\" target=\"_blank\" rel=\"noopener noreferrer\">http:\/\/eventos.cronista.com\/PYMES_MENDOZA_2019?utm_source=DLA<\/a><\/strong><\/p>\n<h3><strong>Cronograma<\/strong><\/h3>\n<p><strong>Oradores<\/strong><\/p>\n<p><strong>8.30 a 9 hs<\/strong>. Acreditaci\u00f3n y welcome coffee<\/p>\n<div class=\"row peperito general article-box no-margin-sides\">\n<div class=\"col-xs-24 no-padding-sides\"><\/div>\n<\/div>\n<p><strong>9 a 9.05 hs<\/strong>. Ingreso al sal\u00f3n<\/p>\n<p><strong>9.05 a 9.40 hs.<\/strong>\u00a0\u201cEconom\u00eda, coyuntura y perspectivas. Posibilidades de inversi\u00f3n\u201d. \u00a0&#8211; Mart\u00edn Kerchner Tomba, Ministro de Econom\u00eda, Infraestructura y Energ\u00eda de la Provincia de Mendoza. &#8211; Domingo Franchetti, Vice presidente Federaci\u00f3n Econ\u00f3mica Mendoza \u00a0&#8211; Rodrigo \u00c1lvarez, CEO Analytica Consultora<\/p>\n<p><strong>9.40 a 10.20 hs.<\/strong>\u00a0\u201cNuevos mercados &#8211; Exportaci\u00f3n plataforma \u201cPyMes al mundo\u201d. La tecnolog\u00eda como oportunidad para potenciar las PyMEs. Visibilidad. Rompiendo los l\u00edmites\u201d. \u00a0&#8211; Marcelo Elizondo, Director General DNI Consultores \u00a0&#8211; Mario L\u00e1zzaro, Director Gerente Fundaci\u00f3n ProMendoza &#8211; Delia Flores, Presidente GEMA<\/p>\n<p><strong>10.20 a 10.50 hs<\/strong>. \u201cEl d\u00eda despu\u00e9s de ma\u00f1ana: posibles escenarios post crisis\u201d. &#8211; Jos\u00e9 Mar\u00eda Segura, Economista Jefe PwC Argentina \u00a0&#8211; Gustavo Reyes, Economista Jefe IERAL (Regi\u00f3n Cuyo)<\/p>\n<p><strong>10.50 a 11.10 hs.<\/strong>\u00a0Coffee break<\/p>\n<p><strong>11.10 a 11.40 hs<\/strong>. \u201cFinanciamiento\u201d &#8211; Elena Alonso, Presidente Nix Valores \u00a0&#8211; Sergio Moralejo, Titular Fondo para la Transformaci\u00f3n y el Crecimiento &#8211; Jer\u00f3nimo Bustos, gerente de Cuyo Aval.<\/p>\n<p><strong>11.40 a 12.10 hs.<\/strong>\u00a0\u201cEmprendedores exitosos\u201d &#8211; Federico Manzuoli, CEO Fundador Guapaletas &#8211; Augusto Mustaf\u00e1, CEO Fundador Elepants \u00a0&#8211; Gast\u00f3n Greco, CEO Fundador Posco.<\/p>\n<p>&nbsp;<\/p>\n<p><img loading=\"lazy\" class=\"alignnone size-full wp-image-6477\" src=\"http:\/\/www.promendoza.com\/wp-content\/uploads\/2019\/05\/image5cd5d3db29e23.jpg\" alt=\"\" width=\"850\" height=\"712\" \/><\/p>\n","protected":false},"excerpt":{"rendered":"<p>Se llevar\u00e1 a cabo junto con diario Los Andes. Tendr\u00e1 lugar el 21 de mayo en el auditorio Adolfo Calle con entrada gratuita. &nbsp; Por primera vez, el pr\u00f3ximo martes&#8230;<\/p>\n","protected":false},"author":1,"featured_media":6478,"comment_status":"closed","ping_status":"open","sticky":false,"template":"","format":"image","meta":[],"categories":[52],"tags":[],"_links":{"self":[{"href":"https:\/\/www.promendoza.com\/en\/wp-json\/wp\/v2\/posts\/6475"}],"collection":[{"href":"https:\/\/www.promendoza.com\/en\/wp-json\/wp\/v2\/posts"}],"about":[{"href":"https:\/\/www.promendoza.com\/en\/wp-json\/wp\/v2\/types\/post"}],"author":[{"embeddable":true,"href":"https:\/\/www.promendoza.com\/en\/wp-json\/wp\/v2\/users\/1"}],"replies":[{"embeddable":true,"href":"https:\/\/www.promendoza.com\/en\/wp-json\/wp\/v2\/comments?post=6475"}],"version-history":[{"count":0,"href":"https:\/\/www.promendoza.com\/en\/wp-json\/wp\/v2\/posts\/6475\/revisions"}],"wp:featuredmedia":[{"embeddable":true,"href":"https:\/\/www.promendoza.com\/en\/wp-json\/wp\/v2\/media\/6478"}],"wp:attachment":[{"href":"https:\/\/www.promendoza.com\/en\/wp-json\/wp\/v2\/media?parent=6475"}],"wp:term":[{"taxonomy":"category","embeddable":true,"href":"https:\/\/www.promendoza.com\/en\/wp-json\/wp\/v2\/categories?post=6475"},{"taxonomy":"post_tag","embeddable":true,"href":"https:\/\/www.promendoza.com\/en\/wp-json\/wp\/v2\/tags?post=6475"}],"curies":[{"name":"wp","href":"https:\/\/api.w.org\/{rel}","templated":true}]}}