{"id":8831,"date":"2017-03-08T13:12:31","date_gmt":"2017-03-08T16:12:31","guid":{"rendered":"http:\/\/www.promendoza.com\/?p=3971"},"modified":"2017-03-08T13:12:31","modified_gmt":"2017-03-08T16:12:31","slug":"vinculado-con-chile-promendoza-busca-mejorar-comercio-exterior","status":"publish","type":"post","link":"https:\/\/www.promendoza.com\/en\/vinculado-con-chile-promendoza-busca-mejorar-comercio-exterior\/","title":{"rendered":"Vinculado con Chile, ProMendoza busca mejorar comercio exterior"},"content":{"rendered":"<style type=\"text\/css\"><\/style><h4 class=\"bajada\"><strong>El titular de la entidad, Gabriel Fidel, mantuvo encuentros con funcionarios trasandinos para conocer en detalle los acuerdos comerciales de libre comercio.<\/strong><\/h4>\n<p>El presidente de ProMendoza, Gabriel Fidel, se reuni\u00f3 en Chile con la ingeniera comercial Paulina Nazal Aranda, directora general de Relaciones Econ\u00f3micas Internacionales (Direcon), y funcionarios del Ministerio de Relaciones Exteriores del vecino pa\u00eds, responsables de todos los acuerdos internacionales de Chile de acceso a mercados.<\/p>\n<p>Adem\u00e1s, Fidel particip\u00f3 en un Taller de Trabajo sobre Cadenas de Valor con el gerente regional del Instituto Nacional de Tecnolog\u00eda Industrial de Argentina (INTI), Mariano Ortega; su director regional, Juan Carlos Najul, y funcionarios chilenos para elaborar un plan de trabajo a corto plazo.<\/p>\n<p>Gabriel Fidel expres\u00f3 su entusiasmo debido a que \u201cesta iniciativa no tiene antecedentes, es un nuevo camino elegido por ProMendoza y junto con la Direcom lo llevamos adelante desde el a\u00f1o pasado a trav\u00e9s de una jornada que se realiz\u00f3 en Mendoza. Ahora, en Santiago, le estamos dando un curso efectivo, porque estamos convencidos de que una de las prioridades para Mendoza es la integraci\u00f3n con los pa\u00edses de Am\u00e9rica Latina, que nos permita abordar terceros mercados\u201d.<\/p>\n<p>\u201cAntes se ve\u00eda como una competencia a los pa\u00edses cercanos, hoy lo vemos como una alternativa de cooperaci\u00f3n, porque hoy el mercado es el mundo\u201d, asegur\u00f3 Fidel. Y agreg\u00f3: \u201cNo s\u00f3lo trabajamos con Chile, sino tambi\u00e9n con el Estado de Rio Grande do Soul (Brasil), con Bolivia, Uruguay y otros pa\u00edses de la regi\u00f3n porque son nuevas formas de ver los procesos de integraci\u00f3n\u201d.<\/p>\n<p>\u201cEsta jornada de trabajo contribuye a la uni\u00f3n de Mendoza y Chile a trav\u00e9s de la integraci\u00f3n de empresas de nuestra provincia con empresas del pa\u00eds vecino, aprovechando as\u00ed el acceso de mercados de Chile, sobre todo los asi\u00e1ticos, y otorg\u00e1ndoles a las empresas chilenas productos con valor agregado que les permita m\u00e1s competitividad comercial en el exterior\u201d, reflexion\u00f3 el titular de ProMendoza.<\/p>\n<p>Gabriel Fidel remarc\u00f3 que \u201cesta es una integraci\u00f3n efectiva, no es simplemente un intercambio comercial. Hay un inter\u00e9s de la Naci\u00f3n en llevar adelante este modelo\u201d.<\/p>\n<p>Por su parte, Paulina Nazal Aranda dijo que \u201cla jornada de trabajo fue muy productiva para darles forma a las cadenas globales de valor. Estamos potenciando el crecimiento del comercio de ambas partes a trav\u00e9s de esta iniciativa innovadora. Tenemos un plan de tareas acordado con Mendoza para avanzar en distintas \u00e1reas y l\u00edneas de trabajo. Pretendemos incrementar el comercio, fomentar las alianzas estrat\u00e9gicas, las inversiones y el crecimiento del producto\u201d.<\/p>\n<p>La responsable de Programas de Cadenas Globales de Chile, Viviana Araneda, coment\u00f3: \u201cHemos establecido tres ejes de trabajo para este a\u00f1o, que incluyen estudios estad\u00edsticos\u00a0y tareas en terreno con empresas, buscando firmas que puedan integrase a las cadenas globales de valor a trav\u00e9s de inversiones, asociaci\u00f3n estrat\u00e9gica y una l\u00ednea muy innovadora para el acercamiento entre incubadoras de empresa con proyecci\u00f3n internacional\u201d.<\/p>\n","protected":false},"excerpt":{"rendered":"<p>El titular de la entidad, Gabriel Fidel, mantuvo encuentros con funcionarios trasandinos para conocer en detalle los acuerdos comerciales de libre comercio. El presidente de ProMendoza, Gabriel Fidel, se reuni\u00f3&#8230;<\/p>\n","protected":false},"author":1,"featured_media":8447,"comment_status":"closed","ping_status":"open","sticky":false,"template":"","format":"image","meta":[],"categories":[45],"tags":[],"_links":{"self":[{"href":"https:\/\/www.promendoza.com\/en\/wp-json\/wp\/v2\/posts\/8831"}],"collection":[{"href":"https:\/\/www.promendoza.com\/en\/wp-json\/wp\/v2\/posts"}],"about":[{"href":"https:\/\/www.promendoza.com\/en\/wp-json\/wp\/v2\/types\/post"}],"author":[{"embeddable":true,"href":"https:\/\/www.promendoza.com\/en\/wp-json\/wp\/v2\/users\/1"}],"replies":[{"embeddable":true,"href":"https:\/\/www.promendoza.com\/en\/wp-json\/wp\/v2\/comments?post=8831"}],"version-history":[{"count":0,"href":"https:\/\/www.promendoza.com\/en\/wp-json\/wp\/v2\/posts\/8831\/revisions"}],"wp:featuredmedia":[{"embeddable":true,"href":"https:\/\/www.promendoza.com\/en\/wp-json\/wp\/v2\/media\/8447"}],"wp:attachment":[{"href":"https:\/\/www.promendoza.com\/en\/wp-json\/wp\/v2\/media?parent=8831"}],"wp:term":[{"taxonomy":"category","embeddable":true,"href":"https:\/\/www.promendoza.com\/en\/wp-json\/wp\/v2\/categories?post=8831"},{"taxonomy":"post_tag","embeddable":true,"href":"https:\/\/www.promendoza.com\/en\/wp-json\/wp\/v2\/tags?post=8831"}],"curies":[{"name":"wp","href":"https:\/\/api.w.org\/{rel}","templated":true}]}}