{"id":8847,"date":"2017-07-07T14:57:24","date_gmt":"2017-07-07T17:57:24","guid":{"rendered":"http:\/\/www.promendoza.com\/?p=4059"},"modified":"2017-07-07T14:57:24","modified_gmt":"2017-07-07T17:57:24","slug":"mision-comercial-de-franquicias-en-colombia","status":"publish","type":"post","link":"https:\/\/www.promendoza.com\/en\/mision-comercial-de-franquicias-en-colombia\/","title":{"rendered":"MISI\u00d3N COMERCIAL DE FRANQUICIAS EN COLOMBIA"},"content":{"rendered":"<style type=\"text\/css\"><\/style><p>Desde ayer el Cluster de Franquicias se encuentra en Bogot\u00e1 para visitar la feria m\u00e1s importante de Am\u00e9rica Latina. FANYF Bogot\u00e1 es una feria internacional para la industria de las franquicias. Los visitantes tienen la oportunidad de reunirse con representantes de varias franquiciadores y para recopilar informaci\u00f3n tanto en la exposici\u00f3n innovadora, as\u00ed como en seminarios y sesiones de negocios.<\/p>\n<p>Los empresarios estuvieron en la Embajada Argentina en Bogot\u00e1, y se reunieron con m\u00e1s de 20 pares colombianos, interesados en franquicias de Mendoza. Grandes contactos y mucho inter\u00e9s.<\/p>\n<p>Carolina Suarez, empresaria de Colombia asegur\u00f3 que las empresas mendocinas \u201cson muy innovadoras, tienen bastante campo en Colombia, est\u00e1n bien proyectadas, me interes\u00f3 mucho Bianco &#038; Nero y Led Banner\u201d.<\/p>\n<p>Adem\u00e1s, estuvieron con la Encargada Comercial de la Embajada, Bibiana Brest, quien les habl\u00f3 de las oportunidades de negocios de ese pa\u00eds.<\/p>\n<p><img loading=\"lazy\" class=\"alignnone size-full wp-image-4061\" src=\"http:\/\/www.promendoza.com\/wp-content\/uploads\/2017\/07\/WhatsApp-Image-2017-07-07-at-11.05.04-2.jpeg\" alt=\"\" width=\"1280\" height=\"960\" \/><\/p>\n<p><img loading=\"lazy\" class=\"alignnone size-full wp-image-4062\" src=\"http:\/\/www.promendoza.com\/wp-content\/uploads\/2017\/07\/WhatsApp-Image-2017-07-06-at-12.01.21-2.jpeg\" alt=\"\" width=\"1280\" height=\"960\" \/><img loading=\"lazy\" class=\"alignnone size-full wp-image-4063\" src=\"http:\/\/www.promendoza.com\/wp-content\/uploads\/2017\/07\/WhatsApp-Image-2017-07-06-at-11.51.15-2.jpeg\" alt=\"\" width=\"1024\" height=\"768\" \/><\/p>\n","protected":false},"excerpt":{"rendered":"<p>Desde ayer el Cluster de Franquicias se encuentra en Bogot\u00e1 para visitar la feria m\u00e1s importante de Am\u00e9rica Latina. FANYF Bogot\u00e1 es una feria internacional para la industria de las&#8230;<\/p>\n","protected":false},"author":1,"featured_media":8487,"comment_status":"closed","ping_status":"open","sticky":false,"template":"","format":"image","meta":[],"categories":[45],"tags":[],"_links":{"self":[{"href":"https:\/\/www.promendoza.com\/en\/wp-json\/wp\/v2\/posts\/8847"}],"collection":[{"href":"https:\/\/www.promendoza.com\/en\/wp-json\/wp\/v2\/posts"}],"about":[{"href":"https:\/\/www.promendoza.com\/en\/wp-json\/wp\/v2\/types\/post"}],"author":[{"embeddable":true,"href":"https:\/\/www.promendoza.com\/en\/wp-json\/wp\/v2\/users\/1"}],"replies":[{"embeddable":true,"href":"https:\/\/www.promendoza.com\/en\/wp-json\/wp\/v2\/comments?post=8847"}],"version-history":[{"count":0,"href":"https:\/\/www.promendoza.com\/en\/wp-json\/wp\/v2\/posts\/8847\/revisions"}],"wp:featuredmedia":[{"embeddable":true,"href":"https:\/\/www.promendoza.com\/en\/wp-json\/wp\/v2\/media\/8487"}],"wp:attachment":[{"href":"https:\/\/www.promendoza.com\/en\/wp-json\/wp\/v2\/media?parent=8847"}],"wp:term":[{"taxonomy":"category","embeddable":true,"href":"https:\/\/www.promendoza.com\/en\/wp-json\/wp\/v2\/categories?post=8847"},{"taxonomy":"post_tag","embeddable":true,"href":"https:\/\/www.promendoza.com\/en\/wp-json\/wp\/v2\/tags?post=8847"}],"curies":[{"name":"wp","href":"https:\/\/api.w.org\/{rel}","templated":true}]}}