{"id":8850,"date":"2017-07-26T09:53:38","date_gmt":"2017-07-26T12:53:38","guid":{"rendered":"http:\/\/www.promendoza.com\/?p=4131"},"modified":"2017-07-26T09:53:38","modified_gmt":"2017-07-26T12:53:38","slug":"promendoza-avanza-en-la-relacion-comercial-con-mexico","status":"publish","type":"post","link":"https:\/\/www.promendoza.com\/en\/promendoza-avanza-en-la-relacion-comercial-con-mexico\/","title":{"rendered":"ProMendoza avanza en la relaci\u00f3n comercial con M\u00e9xico"},"content":{"rendered":"<style type=\"text\/css\"><\/style><h4>Junto a los sectores productivos, se organiz\u00f3 una reuni\u00f3n con la nueva embajadora de M\u00e9xico en Argentina, Mabel G\u00f3mez, y con Rafael Nava, del Consejo Mexicano de Comercio Exterior.<\/h4>\n<p>Funcionarios mexicanos, entre ellos la nueva embajadora de M\u00e9xico en Argentina, Mabel G\u00f3mez, y Rafael Nava, del Consejo Mexicano de Comercio Exterior, se reunieron con c\u00e1maras exportadoras de la provincia, en la sede de ProMendoza.<\/p>\n<p>Los mendocinos fueron representados por la Asociaci\u00f3n Oliv\u00edcola de Mendoza (Asolmen), la C\u00e1mara de la Fruta Industrializada de Mendoza (CAFIM), la Asociaci\u00f3n de Productores y Exportadores de Frutas Frescas (ASPEFF), la Asociaci\u00f3n de Industriales Metal\u00fargicos de Mendoza (Asinmet), la Asociaci\u00f3n de Productores, Empacadores y Exportadores de Ajos, Cebollas y Afines de Mendoza (Asocamen), la C\u00e1mara de Comercio Exterior de Cuyo (CACEC), la Uni\u00f3n Comercial e Industrial de Mendoza (UCIM), el Cl\u00faster Audiovisual Film Andes y el Polo TIC.<\/p>\n<p><img loading=\"lazy\" class=\"size-medium wp-image-4133 alignright\" src=\"http:\/\/www.promendoza.com\/wp-content\/uploads\/2017\/08\/20170720_110049-300x225.jpg\" alt=\"\" width=\"300\" height=\"225\" \/><\/p>\n<p>Por primera vez ambos gobiernos (Argentina-M\u00e9xico) est\u00e1n dispuestos a discutir normas en beneficio del comercio entre pa\u00edses. Entre otros \u00edtems, se van a tratar normas de origen. Argentina suscribir\u00e1 el Tratado de Facilitaci\u00f3n de Comercio de Organizaci\u00f3n Mundial de Comercio (OMC), para bajar trabas para arancelarias.<br \/>\nEn este encuentro se abordaron las particularidades que tiene la renegociaci\u00f3n del Acuerdo de Complementaci\u00f3n Econ\u00f3mica (ACE6) entre Argentina y M\u00e9xico y se presentaron los intereses que Mendoza tiene respecto del mismo. Asimismo, se expusieron los resultados del informe preparado por Negociaciones Internacionales e Inteligencia Comercial y las gestiones que se realizaron ante Canciller\u00eda y el Ministerio de Agroindustria para la inclusi\u00f3n de una serie de productos en este acuerdo bilateral de complementaci\u00f3n econ\u00f3mica.<\/p>\n<p>De gran importancia<br \/>\nDebido a que del 7 al 11 de agosto se realizar\u00e1 la tercera ronda de negociaciones en M\u00e9xico por ACE6, se plante\u00f3 que es necesario discutir sobre los aranceles y la inclusi\u00f3n de varias disciplinas complementarias que cubran m\u00e1s del 90% del comercio. Adem\u00e1s, debido a que ciertas normas fitosanitarias impuestas por M\u00e9xico son una traba para Mendoza, se solicit\u00f3 incorporar tambi\u00e9n esta discusi\u00f3n a ACE.<br \/>\nTemas sectoriales<br \/>\nEl sector de metalmec\u00e1nica mendocino le plante\u00f3 a la embajadora del pa\u00eds del Norte la importancia de facilitar join ventures con empresas mexicanas. Adem\u00e1s, que el servicio posventa y la disponibilidad de stock de repuestos es indispensable. Para esto es necesario trabajar con ProM\u00e9xico y la embajada Argentina en el Distrito Federal, Ciudad de M\u00e9xico.<\/p>\n","protected":false},"excerpt":{"rendered":"<p>Junto a los sectores productivos, se organiz\u00f3 una reuni\u00f3n con la nueva embajadora de M\u00e9xico en Argentina, Mabel G\u00f3mez, y con Rafael Nava, del Consejo Mexicano de Comercio Exterior. Funcionarios&#8230;<\/p>\n","protected":false},"author":1,"featured_media":8498,"comment_status":"closed","ping_status":"open","sticky":false,"template":"","format":"image","meta":[],"categories":[45],"tags":[],"_links":{"self":[{"href":"https:\/\/www.promendoza.com\/en\/wp-json\/wp\/v2\/posts\/8850"}],"collection":[{"href":"https:\/\/www.promendoza.com\/en\/wp-json\/wp\/v2\/posts"}],"about":[{"href":"https:\/\/www.promendoza.com\/en\/wp-json\/wp\/v2\/types\/post"}],"author":[{"embeddable":true,"href":"https:\/\/www.promendoza.com\/en\/wp-json\/wp\/v2\/users\/1"}],"replies":[{"embeddable":true,"href":"https:\/\/www.promendoza.com\/en\/wp-json\/wp\/v2\/comments?post=8850"}],"version-history":[{"count":0,"href":"https:\/\/www.promendoza.com\/en\/wp-json\/wp\/v2\/posts\/8850\/revisions"}],"wp:featuredmedia":[{"embeddable":true,"href":"https:\/\/www.promendoza.com\/en\/wp-json\/wp\/v2\/media\/8498"}],"wp:attachment":[{"href":"https:\/\/www.promendoza.com\/en\/wp-json\/wp\/v2\/media?parent=8850"}],"wp:term":[{"taxonomy":"category","embeddable":true,"href":"https:\/\/www.promendoza.com\/en\/wp-json\/wp\/v2\/categories?post=8850"},{"taxonomy":"post_tag","embeddable":true,"href":"https:\/\/www.promendoza.com\/en\/wp-json\/wp\/v2\/tags?post=8850"}],"curies":[{"name":"wp","href":"https:\/\/api.w.org\/{rel}","templated":true}]}}