{"id":8857,"date":"2017-09-16T09:36:12","date_gmt":"2017-09-16T12:36:12","guid":{"rendered":"http:\/\/www.promendoza.com\/?p=4513"},"modified":"2017-09-16T09:36:12","modified_gmt":"2017-09-16T12:36:12","slug":"mision-que-busca-fortalecer-vinculos-con-brasil","status":"publish","type":"post","link":"https:\/\/www.promendoza.com\/en\/mision-que-busca-fortalecer-vinculos-con-brasil\/","title":{"rendered":"Misi\u00f3n que busca fortalecer v\u00ednculos con Brasil"},"content":{"rendered":"<style type=\"text\/css\"><\/style><h2>El gobierno provincial y empresarios viajan al pa\u00eds vecino para tentar a m\u00e1s inversores.<\/h2>\n<p>&nbsp;<\/p>\n<section class=\"notainterna\">\n<article class=\"cuerponota\">\n<div class=\"row-fluid\">\n<div class=\"span10\">\n<p>El Gobierno provincial y un grupo de empresarios nucleados en ProMendoza viajar\u00e1n la semana pr\u00f3xima a Brasil para llevar a cabo una misi\u00f3n comercial e institucional.<br \/>\nLa visita al pa\u00eds vecino tendr\u00e1 como objetivo profundizar los v\u00ednculos econ\u00f3micos y comerciales de Mendoza con el Estado de R\u00edo Grande del Sur y generar nuevas asociaciones estrat\u00e9gicas entre las empresas locales y las del mercado brasile\u00f1o.<\/p>\n<div id=\"hybs-slot-0842009e\" class=\"hybs-slot\"><\/div>\n<p>Si bien Brasil es el segundo mercado en importancia para Mendoza y representa el 20% de los env\u00edos totales, los resultados logrados en los \u00faltimos meses evidencian la necesidad de fortalecer los v\u00ednculos comerciales con ese pa\u00eds.<br \/>\nSeg\u00fan estad\u00edsticas de ProMendoza, durante el primer semestre de 2017 Mendoza export\u00f3 54.935.788 kilogramos netos de mercader\u00eda, mientras que en igual per\u00edodo de 2016 se enviaron 63.565.249 kilos netos. La diferencia marca una ca\u00edda interanual del 13,58%.<br \/>\nLo positivo, es que aun as\u00ed Mendoza logr\u00f3 un crecimiento de facturaci\u00f3n en Brasil. Entre enero y junio de 2016 las empresas locales recaudaron U$S 108.676.000 FOB (valor de la mercader\u00eda en el puerto de destino) y en los primeros seis meses de este a\u00f1o se facturaron U$S 127.823.000 FOB. La brecha fue de U$S $ 19.147.000 FOB y 17,62%.<br \/>\nNegocios y asociaci\u00f3n<br \/>\nLa delegaci\u00f3n mendocina estar\u00e1 primero en Porto Alegre, el lunes y martes de la pr\u00f3xima semana y luego visitar\u00e1 R\u00edo de Janeiro, entre el mi\u00e9rcoles y viernes pr\u00f3ximo.<br \/>\nEn representaci\u00f3n del Gobierno estar\u00e1 el ministro de Econom\u00eda, Infraestructura y Energ\u00eda, Mart\u00edn Kerchner, junto a otros funcionarios provinciales. Del sector privado viajar\u00e1n empresas vitivin\u00edcolas, oliv\u00edcolas, metalmec\u00e1nicas, de alimentos, de turismo, de software y audiovisuales.<br \/>\nNicol\u00e1s Piazza, responsable de Negociaciones Internacionales de ProMendoza, defini\u00f3 la agenda y objetivos que perseguir\u00e1n los empresarios mendocinos.<br \/>\n\u201cLa agenda se divide en dos. Una parte est\u00e1 enfocada en la integraci\u00f3n econ\u00f3mica y otra en los negocios\u201d, coment\u00f3.<br \/>\n\u201cEn lo que respecta a la integraci\u00f3n, se destaca la firma de un acuerdo de gobernanza entre el Gobierno de Mendoza y el Estado R\u00edo Grande del Sur. En ese marco se va a explorar una agenda de trabajo con sectores espec\u00edficos\u201d, explic\u00f3 Piazza.<br \/>\n\u201cAdem\u00e1s vamos a trabajar en programas de asociaci\u00f3n estrat\u00e9gica empresarial. Intentaremos lograr acuerdos comerciales, de inversiones, de log\u00edstica o simplemente ponernos de acuerdo en las pol\u00edtica que tenemos que perseguir\u201d, agreg\u00f3 el responsable de Negociaciones Internacionales de ProMendoza .<br \/>\n\u201cEn R\u00edo de Janeiro vamos a analizar los resultados que se han obtenido hasta el momento con el acuerdo del ajo entre Mendoza y Brasil, lo que repercute mucho en las exportaciones de los empresarios locales a ese pa\u00eds\u201d, continu\u00f3 Piazza.<br \/>\nEl ministro Mart\u00edn Kerchner tambi\u00e9n analiz\u00f3 los objetivos de la misi\u00f3n comercial. \u201cVamos a Brasil no s\u00f3lo a concretar operaciones, sino tambi\u00e9n a formar un camino que consolide los encadenamientos productivos que resulten en beneficios para la mayor cantidad de sectores de ambos pa\u00edses. Creemos que \u00e9se es el futuro de nuestro comercio exterior y ya estamos trabajando para eso\u201d, declar\u00f3 el funcionario.<br \/>\n\u201cNuestras actividades pueden complementarse y potenciarse. \u00c9se es el camino que vamos a transitar\u201d, agreg\u00f3.<br \/>\nEl viaje del Gobierno junto a los empresarios no es el primero de la gesti\u00f3n de Alfredo Cornejo.<br \/>\nSeg\u00fan detall\u00f3 Nicol\u00e1s Piazza, en noviembre del a\u00f1o pasado se hizo un primer viaje con fines exploratorios.<\/p>\n<p><strong>Agenda de trabajo<\/strong><\/p>\n<p><strong>Lunes 18<\/strong><br \/>\n&#8211; Mendoza y Porto Alegre firman un acuerdo de gobernanza.<br \/>\n&#8211; Empresas locales se reunir\u00e1n con empresas brasile\u00f1as para buscar integraci\u00f3n.<br \/>\n<strong>Martes 19<\/strong><br \/>\n&#8211; Ronda de negocios para alimentos, bebidas y turismo.<br \/>\n&#8211; El ministro Mart\u00edn Kerchner se reunir\u00e1 con empresas brasile\u00f1as en busca de inversiones.<br \/>\n<strong>Jueves 21<\/strong><br \/>\n&#8211; Reuniones con C\u00e1maras de comercio bilateral, para C\u00e1maras empresariales.<br \/>\n&#8211; Se presentar\u00e1n los resultados del acuerdo firmado entre Asocamen, Anapa y ProMendoza.<br \/>\n<strong>Viernes 22<\/strong><br \/>\n&#8211; Seminario de negocios sobre la econom\u00eda argentina: comercio e inversiones.<\/p>\n<p>&nbsp;<\/p>\n<p><strong>Qui\u00e9nes viajan<\/strong><\/p>\n<p><strong>Funcionarios:<\/strong><br \/>\nMart\u00edn Kerchner (Ministro de Econom\u00eda, Infraestructura y Energ\u00eda de Mendoza).<br \/>\nGuillermo Cruz (Subsecretario de Industria y Comercio de Mendoza).<br \/>\nFernando Urd\u00e1niz (Gerente General de ProMendoza).<br \/>\nGaetano Aguilera (Responsable de Promoci\u00f3n Comercial de ProMendoza)<br \/>\nNicol\u00e1s Piazza (Responsable de Negociaciones Internacionales de ProMendoza)<\/p>\n<p><strong>Metalmec\u00e1nica<\/strong><br \/>\nPedro Bizzotto (Tecnovin)<br \/>\nMario Esnal (IME)<\/p>\n<p><strong>Olivicultura<\/strong><br \/>\nGabriel Guardia (Manager, La\u00far)<br \/>\nArmando Mansur (Olivares Don Ignacio)<\/p>\n<p><strong>Alimentos<\/strong><br \/>\nRa\u00fal Giordano (Angiord)<br \/>\nRachid Bestani (INCA)<br \/>\nJos\u00e9 Calafiore (Rodimar S.A.)<br \/>\nJuan Meschini (Agropecuaria Mar\u00eda Vicente S.A.)<\/p>\n<p><strong>Software<\/strong><br \/>\nJer\u00f3nimo Vargas (Aconcagua Software)<br \/>\nPablo Manzano (Everis Argentina)<br \/>\nDiego Parra (Syntax)<br \/>\nVictor Doctorovich (Gesnova)<\/p>\n<p><strong>Turismo<\/strong><br \/>\nDiego Vignolo (Hotel Intercontinental)<br \/>\nSilvana Biagiotti (SB Congresos)<br \/>\nSergio S\u00e1nchez, (Huarpes Viajes)<br \/>\nAndr\u00e9s Giorgio (Kauzo Wines)<\/p>\n<p><strong>Bodegas<\/strong><br \/>\nGaetano Aguilera (Mill\u00e1n S.A.)<br \/>\nLuis Mart\u00ednez (Finca Don Carlos)<\/p>\n<p><strong>Audiovisual<\/strong><br \/>\nMarcelo Ortega (Oeste Film)<\/p>\n<\/div>\n<\/div>\n<\/article>\n<\/section>\n","protected":false},"excerpt":{"rendered":"<p>El gobierno provincial y empresarios viajan al pa\u00eds vecino para tentar a m\u00e1s inversores. &nbsp; El Gobierno provincial y un grupo de empresarios nucleados en ProMendoza viajar\u00e1n la semana pr\u00f3xima&#8230;<\/p>\n","protected":false},"author":1,"featured_media":8510,"comment_status":"closed","ping_status":"open","sticky":false,"template":"","format":"image","meta":[],"categories":[51,3],"tags":[],"_links":{"self":[{"href":"https:\/\/www.promendoza.com\/en\/wp-json\/wp\/v2\/posts\/8857"}],"collection":[{"href":"https:\/\/www.promendoza.com\/en\/wp-json\/wp\/v2\/posts"}],"about":[{"href":"https:\/\/www.promendoza.com\/en\/wp-json\/wp\/v2\/types\/post"}],"author":[{"embeddable":true,"href":"https:\/\/www.promendoza.com\/en\/wp-json\/wp\/v2\/users\/1"}],"replies":[{"embeddable":true,"href":"https:\/\/www.promendoza.com\/en\/wp-json\/wp\/v2\/comments?post=8857"}],"version-history":[{"count":0,"href":"https:\/\/www.promendoza.com\/en\/wp-json\/wp\/v2\/posts\/8857\/revisions"}],"wp:featuredmedia":[{"embeddable":true,"href":"https:\/\/www.promendoza.com\/en\/wp-json\/wp\/v2\/media\/8510"}],"wp:attachment":[{"href":"https:\/\/www.promendoza.com\/en\/wp-json\/wp\/v2\/media?parent=8857"}],"wp:term":[{"taxonomy":"category","embeddable":true,"href":"https:\/\/www.promendoza.com\/en\/wp-json\/wp\/v2\/categories?post=8857"},{"taxonomy":"post_tag","embeddable":true,"href":"https:\/\/www.promendoza.com\/en\/wp-json\/wp\/v2\/tags?post=8857"}],"curies":[{"name":"wp","href":"https:\/\/api.w.org\/{rel}","templated":true}]}}