{"id":8858,"date":"2017-09-17T10:19:35","date_gmt":"2017-09-17T13:19:35","guid":{"rendered":"http:\/\/www.promendoza.com\/?p=4517"},"modified":"2017-09-17T10:19:35","modified_gmt":"2017-09-17T13:19:35","slug":"buscan-vender-valor-agregado-mendocino-en-brasil","status":"publish","type":"post","link":"https:\/\/www.promendoza.com\/en\/buscan-vender-valor-agregado-mendocino-en-brasil\/","title":{"rendered":"Buscan vender &#8220;valor agregado mendocino&#8221; en Brasil"},"content":{"rendered":"<style type=\"text\/css\"><\/style><h5>Comienza una gira comercial de funcionarios y empresarios en Brasil. Quieren afianzar el comercio de productos tradicionales y tender puentes a nuevos sectores. Los desaf\u00edos.<\/h5>\n<p>El Gobierno y un grupo de empresarios de distintos rubros inician esta semana una misi\u00f3n comercial a Brasil y la intenci\u00f3n es que no sea un &#8220;paseo&#8221;, sino tratar de concretar iniciativas ya encaminadas. En ese sentido, el objetivo de fondo es tratar de mejorar el volumen, pero tambi\u00e9n la calidad de las exportaciones hacia el gigante de la regi\u00f3n. Es decir, tratar de sumar valor agregado a lo que se exporta a Brasil y tambi\u00e9n tentar capitales.<\/p>\n<p>Por eso adem\u00e1s de incentivar las exportaciones ya tradicionales a ese pa\u00eds de productos primarios como el ajo y de manufacturas de origen agropecuarios como el vino y las conservas, habr\u00e1 negociaciones para avanzar en empresas tecnol\u00f3gicas, de energ\u00eda renovables y hasta producciones audiovisuales.<\/p>\n<p>El recorrido incluir\u00e1 encuentros en Porto Alegre y R\u00edo de Janeiro. MDZ fue invitado, junto con otros medios, a participar de la misi\u00f3n comercial. Desde el propio Gobierno tratan de dar un giro en la impronta que han tenido los viajes oficiales: mucho ruido y pocos negocios. Para ello ilustran la situaci\u00f3n con los \u00faltimos a\u00f1os, donde se hicieron reiterados viajes y hasta se abrieron oficinas comerciales en Asia, pero esos anuncios no se tradujeron en mejores oportunidades de negocios y crecimiento para la econom\u00eda local.<\/p>\n<figure id=\"vsmv25516v37\" class=\"vsmimage\"><img id=\"imgv37367v1\" class=\"photo\" src=\"http:\/\/i1.mdzol.com\/files\/image\/800\/800554\/59be05a92edec_485_!.jpg?s=0595f0ffc289c9fed89986686d29edf8&#038;d=1505737367\" alt=\"Exportaciones\" width=\"485\" \/><\/figure>\n<p>&nbsp;<\/p>\n<p>Las exportaciones a Brasil cayeron en los \u00faltimos a\u00f1os pero hubo un repunte en algunos productos puntuales, principalmente el ajo. Adem\u00e1s de los problemas puntuales, hubo dos problemas clave que ayudaron a profundizar esa ca\u00edda, seg\u00fan entienden los exportadores. Y fueron las restricciones con el d\u00f3lar y la crisis de Brasil. Ese pa\u00eds ahora est\u00e1 en una crisis institucional, pero su econom\u00eda comienza a recuperarse. Al mismo tiempo aparecen otros factores que podr\u00edan generar asimetr\u00edas en la forma y costos de producci\u00f3n de uno y otro lado. Uno de ellos podr\u00eda ser la reforma laboral impulsada en el pa\u00eds vecino.<\/p>\n<p>Seg\u00fan la informaci\u00f3n de Pro Mendoza, &#8220;desde 2016 las exportaciones totales a Brasil han crecido de la mano, principalmente, del ajo las cuales pasaron de 37 millones de d\u00f3lares FOB en 2014 a 73 millones de d\u00f3lares FOB en 2016&#8221;.<\/p>\n<p>El gobernador Alfredo Cornejo no participar\u00e1 de la gira comercial. La fecha coincide, entre otras cosas, con el inicio de la campa\u00f1a electoral para las elecciones generales de octubre. Quien encabezar\u00e1 la comitiva ser\u00e1 el ministro de Econom\u00eda Martin Kerchner, que estar\u00e1 acompa\u00f1ado adem\u00e1s por el subsecretario de Industria Guillermo Cruz y el Gerente de Pro Mendoza Fernando Urdaniz, entre otros.<\/p>\n<p>En Brasil est\u00e1 previsto que haya encuentros con autoridades pol\u00edticas del estado de R\u00edo Grande y tambi\u00e9n con el embajador argentino en ese pa\u00eds.<\/p>\n","protected":false},"excerpt":{"rendered":"<p>Comienza una gira comercial de funcionarios y empresarios en Brasil. Quieren afianzar el comercio de productos tradicionales y tender puentes a nuevos sectores. Los desaf\u00edos. El Gobierno y un grupo&#8230;<\/p>\n","protected":false},"author":1,"featured_media":8511,"comment_status":"closed","ping_status":"open","sticky":false,"template":"","format":"image","meta":[],"categories":[52,3],"tags":[],"_links":{"self":[{"href":"https:\/\/www.promendoza.com\/en\/wp-json\/wp\/v2\/posts\/8858"}],"collection":[{"href":"https:\/\/www.promendoza.com\/en\/wp-json\/wp\/v2\/posts"}],"about":[{"href":"https:\/\/www.promendoza.com\/en\/wp-json\/wp\/v2\/types\/post"}],"author":[{"embeddable":true,"href":"https:\/\/www.promendoza.com\/en\/wp-json\/wp\/v2\/users\/1"}],"replies":[{"embeddable":true,"href":"https:\/\/www.promendoza.com\/en\/wp-json\/wp\/v2\/comments?post=8858"}],"version-history":[{"count":0,"href":"https:\/\/www.promendoza.com\/en\/wp-json\/wp\/v2\/posts\/8858\/revisions"}],"wp:featuredmedia":[{"embeddable":true,"href":"https:\/\/www.promendoza.com\/en\/wp-json\/wp\/v2\/media\/8511"}],"wp:attachment":[{"href":"https:\/\/www.promendoza.com\/en\/wp-json\/wp\/v2\/media?parent=8858"}],"wp:term":[{"taxonomy":"category","embeddable":true,"href":"https:\/\/www.promendoza.com\/en\/wp-json\/wp\/v2\/categories?post=8858"},{"taxonomy":"post_tag","embeddable":true,"href":"https:\/\/www.promendoza.com\/en\/wp-json\/wp\/v2\/tags?post=8858"}],"curies":[{"name":"wp","href":"https:\/\/api.w.org\/{rel}","templated":true}]}}