{"id":8859,"date":"2017-09-17T10:37:04","date_gmt":"2017-09-17T13:37:04","guid":{"rendered":"http:\/\/www.promendoza.com\/?p=4522"},"modified":"2017-09-17T10:37:04","modified_gmt":"2017-09-17T13:37:04","slug":"en-porto-alegre-la-mision-mendocina-busca-asociarse-con-empresarios-brasileros","status":"publish","type":"post","link":"https:\/\/www.promendoza.com\/en\/en-porto-alegre-la-mision-mendocina-busca-asociarse-con-empresarios-brasileros\/","title":{"rendered":"En Porto Alegre, la misi\u00f3n mendocina busca asociarse con empresarios brasileros"},"content":{"rendered":"<style type=\"text\/css\"><\/style><h4>La comitiva de funcionarios provincial y empresarios se encuentra en esa ciudad para generar relaciones comerciales. La clave: generar marcas asociadas.<\/h4>\n<p>&nbsp;<\/p>\n<p>La misi\u00f3n institucional y comercial encabezada por el Ministro de Econom\u00eda, Infraestructura y Energ\u00eda, Mart\u00edn Kerchner pis\u00f3 suelo brasile\u00f1o para encarar en la ciudad de Porto Alegre,\u00a0junto a funcionarios de Promendoza y una veintena de empresarios la segunda etapa del plan que comenz\u00f3 en marzo pasado a\u00f1o cuando Alfredo Cornejo recibi\u00f3 en Mendoza al gobernador del estado de R\u00edo Grande del Sur, Jos\u00e9 Ivo Sartori.<\/p>\n<p>Han pasado 6 meses de aquel encuentro cuando ambos mandatarios se comprometieron a fortalecer las relaciones comerciales y generar \u00e1mbitos de negocios propicios para comenzar a pensar estrat\u00e9gicamente de cara al futuro regional. No fue fortuito que en c\u00f3nclave participara el embajador argentino en Brasil, Carlos Magari\u00f1os, de alguna manera garante de las relaciones bilaterales entre ambas naciones.<\/p>\n<p>La crisis pol\u00edtica de Brasil y sus consecuencias econ\u00f3micas fronteras adentro han vuelto a poner a prueba el poder de recuperaci\u00f3n del gigante del sur y a la vez, la rapidez con que funcionarios y empresarios argentinos se adapten al nuevo escenario.<\/p>\n<p>Mendoza lo sabe, es por eso que Cornejo pretende\u00a0-bajo el amparo de una relaci\u00f3n m\u00e1s arm\u00f3nica entre Mauricio\u00a0Macri y Michel Temer-\u00a0jugar su propio juego en beneficio de la econom\u00eda local junto con los empresarios mendocinos. Ya lo dijo el propio gobernador, la prioridad es generar mayores oportunidades de negocios siendo m\u00e1s competitivos con un sector privado que entienda que debe estar a la altura de los desaf\u00edos.<\/p>\n<p>Brasil es uno de los pulmones de las exportaciones locales, el ejemplo del ajo es el m\u00e1s elocuente. Pero los escenarios cambiaron, y si bien la facturaci\u00f3n creci\u00f3 en el primer semestre de este a\u00f1o el volumen exportado bajo casi un 15%.<\/p>\n<p>El gerente general de ProMendoza, Fernando Urdaniz, se\u00f1ala \u201cque la mejora de los precios se sustenta en el proceso inflacionario y en los t\u00e9rminos de devaluaci\u00f3n de la moneda argentina. En los primeros 7 meses de este a\u00f1o la provincia export\u00f3 en total entre 850 y 900 millones de d\u00f3lares FOB (es decir el precio de las mercader\u00edas a bordo del buque, el cami\u00f3n o avi\u00f3n) lo que significar\u00eda un crecimiento positivo si los proyectamos hasta fin de a\u00f1o comparado con 2016\u201d.<\/p>\n<p>Es por eso que la promoci\u00f3n del comercio de Mendoza en Brasil, principalmente de los sectores del ajo, las frutas frescas e industrializadas y la metalmec\u00e1nica son objetivos a cumplir. Hasta aqu\u00ed llegaron representantes de estas actividades, a los que se sumaron representantes de las actividades oliv\u00edcolas, tur\u00edsticas, vitivin\u00edcolas, del software y audiovisuales.<\/p>\n<p>Urdaniz se muestra optimista respecto al apoyo del sector privado de la misi\u00f3n. Se\u00f1ala que \u201cest\u00e1n asumiendo el rol que les toca cumplir. Por m\u00e1s que diversifiquemos nuestras ventas al exterior, Brasil representa entre el 15 y 20 % del total. Tradicionalmente las misiones mendocinas han apuntado a San Pablo, ahora miramos hacia Rio Grande do Sul y R\u00edo de Janeiro. S\u00f3lo basta mencionar que el estado que tiene como capital Porto Alegre tiene 12 millones de habitantes para dimensionar las proyecciones.\u201d<\/p>\n<p><strong>Kerchner: &#8220;Venimos a buscar puntos en com\u00fan&#8221;<\/strong><\/p>\n<p>El ministro Mart\u00edn Kerchner se\u00f1al\u00f3 \u201cque los mendocinos llegaron a Brasil con dos objetivos principales profundizar los acuerdos de gobernanza o asociatividades y el segundo concretar las primeras asociaciones entre sectores privados\u201d.<\/p>\n<p>Los empresarios y el Gobierno buscan dislocar lo que ven\u00eda siendo una l\u00f3gica com\u00fan, refugiarse en San Pablo y mirar hacia otras regiones para redefinir estrategias como en R\u00edo grande del Sur.<\/p>\n<p>El ministro\u00a0resalt\u00f3 que lo que se busca \u201cno es competir entre empresas argentinas y brasileras, por el contrario, venimos a buscar puntos en com\u00fan para lograr sociedades que ganen mercados fronteras afuera, pero tambi\u00e9n miren a sus econom\u00edas nacionales. Hay que comenzar a hablar de empresas binacionales&#8221;.<\/p>\n<figure><img class=\"noticia-imagen\" src=\"https:\/\/www.elsol.com.ar\/public\/imagenes\/001\/307\/572\/001307572.jpg\" \/><figcaption>\u00a0<\/figcaption><\/figure>\n<p>Kerchner sostuvo que uno de los casos que se ha estado trabajando es el del mercado de aceite de oliva.<\/p>\n<p>&#8220;Brasil no tiene una buena calidad y el 90% lo importa de Europa: Italia, Espa\u00f1a y Portugal. Nosotros vemos que nuestras calidades son excelentes entonces buscamos darle ingreso a la actividad primaria de los que producen en las fincas, a la industrial, que es la que elabora el aceite y compartir una marca que podr\u00eda ser el resultado de la asociatividad. Que argentinos y brasileros trabajen en una marca \u00fanica, que aqu\u00ed fraccione y venda en este mercado. As\u00ed se estar\u00eda concretando el encadenamiento que buscamos, entre los sectores primarios y secundarios argentinos y el terciario brasilero\u201d, explic\u00f3.<\/p>\n<p><strong>Agenda lunes<\/strong><\/p>\n<p>&#8211; Firma del convenio de gobernanza entre\u00a0Mendoza\u00a0y Estado de R\u00edo Grande del Sur<\/p>\n<p>&#8211; Seminario de negocios en la Federaci\u00f3n de\u00a0Industrias\u00a0de Rio\u00a0Grande\u00a0del sur.<\/p>\n<p>&#8211; Reuniones con c\u00e1maras empresarias<\/p>\n<p>&#8211; Visita a Parque Tecnol\u00f3gico.<\/p>\n","protected":false},"excerpt":{"rendered":"<p>La comitiva de funcionarios provincial y empresarios se encuentra en esa ciudad para generar relaciones comerciales. La clave: generar marcas asociadas. &nbsp; La misi\u00f3n institucional y comercial encabezada por el&#8230;<\/p>\n","protected":false},"author":1,"featured_media":8512,"comment_status":"closed","ping_status":"open","sticky":false,"template":"","format":"image","meta":[],"categories":[3],"tags":[],"_links":{"self":[{"href":"https:\/\/www.promendoza.com\/en\/wp-json\/wp\/v2\/posts\/8859"}],"collection":[{"href":"https:\/\/www.promendoza.com\/en\/wp-json\/wp\/v2\/posts"}],"about":[{"href":"https:\/\/www.promendoza.com\/en\/wp-json\/wp\/v2\/types\/post"}],"author":[{"embeddable":true,"href":"https:\/\/www.promendoza.com\/en\/wp-json\/wp\/v2\/users\/1"}],"replies":[{"embeddable":true,"href":"https:\/\/www.promendoza.com\/en\/wp-json\/wp\/v2\/comments?post=8859"}],"version-history":[{"count":0,"href":"https:\/\/www.promendoza.com\/en\/wp-json\/wp\/v2\/posts\/8859\/revisions"}],"wp:featuredmedia":[{"embeddable":true,"href":"https:\/\/www.promendoza.com\/en\/wp-json\/wp\/v2\/media\/8512"}],"wp:attachment":[{"href":"https:\/\/www.promendoza.com\/en\/wp-json\/wp\/v2\/media?parent=8859"}],"wp:term":[{"taxonomy":"category","embeddable":true,"href":"https:\/\/www.promendoza.com\/en\/wp-json\/wp\/v2\/categories?post=8859"},{"taxonomy":"post_tag","embeddable":true,"href":"https:\/\/www.promendoza.com\/en\/wp-json\/wp\/v2\/tags?post=8859"}],"curies":[{"name":"wp","href":"https:\/\/api.w.org\/{rel}","templated":true}]}}