{"id":8865,"date":"2019-03-18T10:39:28","date_gmt":"2019-03-18T13:39:28","guid":{"rendered":"https:\/\/www.promendoza.com\/?p=6369"},"modified":"2019-03-18T10:39:28","modified_gmt":"2019-03-18T13:39:28","slug":"mendoza-recibira-en-junio-una-gran-ronda-de-negocios-de-vino-a-granel","status":"publish","type":"post","link":"https:\/\/www.promendoza.com\/en\/mendoza-recibira-en-junio-una-gran-ronda-de-negocios-de-vino-a-granel\/","title":{"rendered":"Mendoza recibir\u00e1 en junio una gran ronda de negocios de vino a granel"},"content":{"rendered":"<style type=\"text\/css\"><\/style><h5>La visita la confirm\u00f3 el ministro de Econom\u00eda, Infraestructura y Energ\u00eda, Mart\u00edn Kerchner, desde la ProWein, en Alemania.<\/h5>\n<p>El ministro de Econom\u00eda, Infraestructura y Energ\u00eda, Mart\u00edn Kerchner, anunci\u00f3 desde Mainz, Alemania, que en junio llegar\u00e1n a Mendoza 30 importadores de vino a granel de la mano de los organizadores de la feria Bulk World Wine, el evento m\u00e1s importante del mundo de vino a granel.<\/p>\n<p>\u201cBusc\u00e1bamos realizar este evento en Mendoza y empezamos a trabajarlo desde hace un par de meses. Hoy logramos confirmar la presencia de los grandes importadores mundiales de vino a granel el pr\u00f3ximo 26 de junio, cuando iniciar\u00e1n una agenda para conocer bodegas y fincas y cerrar operaciones de compra del producto, que tiene un enorme potencial para seguir creciendo\u201d, afirm\u00f3 Kerchner.<br \/>\nHay que recordar que, en de 2018, la venta de vino a granel al exterior aument\u00f3 m\u00e1s de 180% respecto del a\u00f1o anterior. Desde el Gobierno de Mendoza y los privados, el objetivo es profundizar este camino de incrementar las exportaciones, que a su vez quitar\u00e1n \u201cpresi\u00f3n\u201d a los precios internos que hoy tiene el sector.<br \/>\nAdem\u00e1s, expres\u00f3 que \u201cla Provincia lanza, a partir del 1 de abril, un Bono Fiscal a la exportaci\u00f3n, con un beneficio de casi $3 de reintegro para los que exporten vino a granel, para poder vender en el exterior la mayor cantidad de vinos. Buscamos medidas proc\u00edclicas para evitar esta situaci\u00f3n con el nuevo fondo antic\u00edclico vitivin\u00edcola\u201d, asegur\u00f3 Kerchner.<\/p>\n<p>En cuanto a la edici\u00f3n 2019 de ProWein, Mart\u00edn Kerchner expres\u00f3 que \u201cla participaci\u00f3n de bodegas argentinas y especialmente mendocinas ha crecido con respecto al a\u00f1o pasado. Creo que ser m\u00e1s competitivos con el tipo de cambio ayuda en el exterior. Hay alrededor de 150 bodegas de Argentina, de las cuales 120 son de Mendoza\u201d.<\/p>\n<p>\u201cDesde el gobierno buscamos fortalecer el sector exportador, con acciones comerciales para todos los rubros. Es por ello que hemos ampliando el presupuesto de ProMendoza, que ya lleva m\u00e1s de 20 a\u00f1os trabajando en el tema, para que pueda derramar el beneficio sobre las pymes que desean exportar\u201d, dijo el ministro.<\/p>\n<p>\u201cDe todas maneras, sabemos que una vez que se sincere la econom\u00eda en Argentina va a haber una importante reinserci\u00f3n en el mundo. Pero nuestras empresas tienen que seguir insistiendo, porque en el exterior un negocio no se concreta con una visita a una feria sino que volver a\u00f1o a a\u00f1o es lo que te vuelve confiable y posibilita concretar negocios\u201d, insisti\u00f3 Mart\u00edn Kerchner.<\/p>\n<p><strong>La agenda de hoy<\/strong><\/p>\n<p>El ministro Kerchner arranc\u00f3 temprano con una reuni\u00f3n con el embajador argentino en Berl\u00edn, Edgardo Mario Malaroda, con el fin de avanzar en el hermanamiento con la provincia Renania Palatinado, la regi\u00f3n vin\u00edcola m\u00e1s importante de Alemania, entre otros temas.<\/p>\n<p>Adem\u00e1s, se reuni\u00f3 con representantes de Wintershall Holding GmbH, que es el mayor productor de crudo y gas natural de Alemania con filial en Argentina. La compa\u00f1\u00eda est\u00e1 activa en la exploraci\u00f3n y producci\u00f3n de petr\u00f3leo y gas.<\/p>\n<p>Reuni\u00f3n con la Empresa WILO. Empresa alemana de soluciones energ\u00e9ticas con inversiones en Argentina e inter\u00e9s de comenzar proyectos en Mendoza.<\/p>\n<p>Reuni\u00f3n con Vicente S\u00e1nchez Migallo, director general de World Bulk Wine Exhibition SL. y Blandine Philibert, \u00e1rea manager de Francia, con quien organizan la gran ronda de importadores de vino a granel que se concretar\u00e1 en la provincia en junio.<\/p>\n","protected":false},"excerpt":{"rendered":"<p>La visita la confirm\u00f3 el ministro de Econom\u00eda, Infraestructura y Energ\u00eda, Mart\u00edn Kerchner, desde la ProWein, en Alemania. El ministro de Econom\u00eda, Infraestructura y Energ\u00eda, Mart\u00edn Kerchner, anunci\u00f3 desde Mainz,&#8230;<\/p>\n","protected":false},"author":1,"featured_media":8796,"comment_status":"closed","ping_status":"open","sticky":false,"template":"","format":"image","meta":[],"categories":[47],"tags":[],"_links":{"self":[{"href":"https:\/\/www.promendoza.com\/en\/wp-json\/wp\/v2\/posts\/8865"}],"collection":[{"href":"https:\/\/www.promendoza.com\/en\/wp-json\/wp\/v2\/posts"}],"about":[{"href":"https:\/\/www.promendoza.com\/en\/wp-json\/wp\/v2\/types\/post"}],"author":[{"embeddable":true,"href":"https:\/\/www.promendoza.com\/en\/wp-json\/wp\/v2\/users\/1"}],"replies":[{"embeddable":true,"href":"https:\/\/www.promendoza.com\/en\/wp-json\/wp\/v2\/comments?post=8865"}],"version-history":[{"count":0,"href":"https:\/\/www.promendoza.com\/en\/wp-json\/wp\/v2\/posts\/8865\/revisions"}],"wp:featuredmedia":[{"embeddable":true,"href":"https:\/\/www.promendoza.com\/en\/wp-json\/wp\/v2\/media\/8796"}],"wp:attachment":[{"href":"https:\/\/www.promendoza.com\/en\/wp-json\/wp\/v2\/media?parent=8865"}],"wp:term":[{"taxonomy":"category","embeddable":true,"href":"https:\/\/www.promendoza.com\/en\/wp-json\/wp\/v2\/categories?post=8865"},{"taxonomy":"post_tag","embeddable":true,"href":"https:\/\/www.promendoza.com\/en\/wp-json\/wp\/v2\/tags?post=8865"}],"curies":[{"name":"wp","href":"https:\/\/api.w.org\/{rel}","templated":true}]}}