{"id":8868,"date":"2019-04-04T12:01:35","date_gmt":"2019-04-04T15:01:35","guid":{"rendered":"https:\/\/www.promendoza.com\/?p=6385"},"modified":"2019-04-04T12:01:35","modified_gmt":"2019-04-04T15:01:35","slug":"nutrido-calendario-para-impulso-de-las-exportaciones","status":"publish","type":"post","link":"https:\/\/www.promendoza.com\/en\/nutrido-calendario-para-impulso-de-las-exportaciones\/","title":{"rendered":"Nutrido calendario para impulso de las exportaciones"},"content":{"rendered":"<style type=\"text\/css\"><\/style><h5>El ministro de Econom\u00eda, Infraestructura y Energ\u00eda, Mart\u00edn Kerchner, junto al director gerente de ProMendoza, Mario L\u00e1zzaro, y el gerente t\u00e9cnico, Fernando Urdaniz, presentaron el calendario actividades para promocionar las exportaciones de Mendoza.<\/h5>\n<p>ProMendoza desarrolla este a\u00f1o un intenso calendario en el exterior. En total se realizar\u00e1n alrededor de 80 acciones internacionales, que incluyen misiones t\u00e9cnicas, comerciales y rondas de negocios, para acercar a Mendoza a los mercados destino de exportaci\u00f3n.<\/p>\n<p>\u201cTenemos gran cantidad de actividades para promocionar las exportaciones de la provincia, tanto en el exterior como en Mendoza, trayendo potenciales compradores internacionales. Tenemos un gran semillero de empresas exportadoras. Todos los a\u00f1os trabajamos con los programas de internacionalizaci\u00f3n para ayudarle a las pymes a financiar sus gastos a fin de que logren la primera etapa de exportaci\u00f3n\u201d, explic\u00f3 el ministro durante la conferencia de prensa.<\/p>\n<p>\u201cAdem\u00e1s, desde el a\u00f1o pasado estamos complementando nuestras acciones con una visi\u00f3n estrat\u00e9gica del mundo, desarrollando hubs log\u00edsticos en Amberes, Shangh\u00e1i, Guanhzhou, Dub\u00e1i y Singapur. De esta manera, le damos la posibilidad a la empresa para que coloque sus productos disponibles para la venta cerca de los mercados foco, ayud\u00e1ndolos a bajar costos y consolidando env\u00edos entre varias empresas. Este es el caso del vino fraccionado y a granel, ciruela, frutos secos, conservas y los servicios basados en el conocimiento\u201d, culmin\u00f3 Kerchner.<\/p>\n<p><strong>Resumen de actividades comerciales 2019<\/strong><\/p>\n<p>11 Argentina (incluye Mendoza y Buenos Aires).<br \/>\n4 Brasil.<br \/>\n16 Latam.<br \/>\n11 EEUU.<br \/>\n17 Uni\u00f3n Europea.<br \/>\n10 China.<br \/>\n6 Resto de Asia.<\/p>\n<p><strong>El mercado de la ciruela<\/strong><\/p>\n<p>En 2018 direccionamos nuestras acciones de desarrollo de mercados hacia la ciruela deshidratada porque era una necesidad ante la gran cosecha que hab\u00eda, y porque en 2017 est\u00e1bamos muy por debajo de las 27 mil toneladas promedio que exportamos anualmente. Logramos superar las 31 mil toneladas, volcando beneficios sobre la nuez, logrando un incremento de exportaciones del 40%, ya que es parte del mismo rubro; frutos secos y desecados. Este a\u00f1o, debido a que la cosecha es menor, las acciones ser\u00e1n tendientes a sostener, entre otros, los 11 nuevos mercados logrados en 2018.<\/p>\n<p><strong>Durazno en conserva<\/strong><\/p>\n<p>Estimulamos la demanda y crecimos 45% en las ventas de este producto al mercado mundial. Seguiremos creciendo para que nuestra industria se siga adaptando a los nuevos requerimientos externos, como por ejemplo la tapa \u201cabre f\u00e1cil\u201d en las latas de durazno, para el mercado de M\u00e9xico y Centroam\u00e9rica.<\/p>\n<p><strong>Vino a granel<\/strong><\/p>\n<p>Le hemos dado un impulso al Vino a Granel contribuyendo al afianzamiento de la C\u00e1mara Argentina de Exportadores, en 2018. A partir de all\u00ed, aumentamos la presencia en ferias internacionales, el desaf\u00edo es sostener y aumentar la exportaci\u00f3n de 100 millones de litros del a\u00f1o pasado con la ayuda del Fondo Antic\u00edclico anunciado por el Gobierno de Mendoza.<\/p>\n<p>Participamos con muy buenos resultados en cada feria de Vino a Granel (Londres, Yantai, San Francisco, Amsterdam) y traeremos en junio a 30 importadores de primer nivel que nunca compraron en Argentina y apuntamos a ser una sede de una feria internacional de renombre en Mendoza, en contra estaci\u00f3n del Hemisferio Norte, para ingresar al mercado de los eventos mundiales y cobrar as\u00ed visibilidad como un proveedor estable de vinos a granel.<\/p>\n<p><strong>Vino fraccionado<\/strong><\/p>\n<p>La actualizaci\u00f3n del tipo de cambio, permiti\u00f3 acceder nuevamente a los mercados m\u00e1s maduros (Estados Unidos, Inglaterra, Canad\u00e1) y segmentos de menor precio, como el del vino de 2 d\u00f3lares FOB la botella, segmento en donde la demanda es de mayor volumen y se suma a la demanda de precio m\u00e1s alto al que est\u00e1bamos comercializando hace unos a\u00f1os.<\/p>\n<p>Es por eso que nuestro calendario apunta a EEUU priorizando el Noreste, concurriendo a Vinexpo y la US TradeTasting. Nuestro objetivo comercial prioriza en Nueva York y su \u00e1rea de influencia (Boston, Chicago, Pensilvania, Washington, Florida y California), que concentra el 70% de la poblaci\u00f3n de Estados Unidos.<\/p>\n<p>Pero adem\u00e1s, buscamos crear condiciones de ingreso y comercializaci\u00f3n en cada Estado, generando un tejido de relaciones institucionales y empresarias, para que la mayor cantidad de PyMEs puedan acceder a un mercado tan complejo, pero al mismo tiempo con tantas oportunidades, ya que es un mercado de volumen y abierto.<\/p>\n<p><strong>Abordar a Brasil de manera diferente<\/strong><\/p>\n<p>El objetivo es abordar el mercado brasilero por regiones, apuntando de manera directa a los Estados y provincias, con el fin de abrir nuevas posibilidades de comercializaci\u00f3n regional en el gigante sudamericano. Se pretende dividir el pa\u00eds en tres grandes zonas y dentro de ellas el Sur que incluye: Paran\u00e1, R\u00edo Grande y Santa Catarina. En cada una de estas regiones existen n\u00facleos de gran relevancia econ\u00f3mica que buscamos desarrollar para aumentar la presencia de los productos mendocinos.<\/p>\n<p>Brasil representa un mercado atractivo, por la distancia geogr\u00e1fica y los acuerdos que se tienen a trav\u00e9s del Mercosur. Nuestro objetivo es aumentar el posicionamiento de estos productos en el vecino pa\u00eds, ya que es de los pocos mercados a los que accedemos con arancel del 0% por ser miembros del Mercado Com\u00fan de Sur.<\/p>\n<p>Adicionalmente a los rubros tradicionales, Brasil se ha convertido en uno de los Polos Audiovisuales m\u00e1s importante de Am\u00e9rica Latina y es donde se llevan a cabo eventos del sector de la industria creativa tales como FAM (Florian\u00f3polis Audiovisual Market), R\u00edo Creative (ex R\u00edo Content Market), Big Festival San Pablo, entre otros eventos.<\/p>\n<p><img loading=\"lazy\" class=\"wp-image-6387 size-medium alignleft\" src=\"http:\/\/www.promendoza.com\/wp-content\/uploads\/2019\/04\/DSC_6580-700x467-1-300x200.jpg\" alt=\"\" width=\"300\" height=\"200\" \/> <strong>Nunca descuidar el vecindario<\/strong><\/p>\n<p>M\u00e9xico, Colombia, Per\u00fa, Ecuador, Chile, Panam\u00e1, Costa Rica, Bolivia resultan destinos interesantes para nuestras exportaciones. La cercan\u00eda, el conocimiento cultural y el idioma, son factores importantes para que las pymes puedan mantener el contacto comercial a largo plazo.<\/p>\n<p>Estos mercados consumen aceite de oliva, hortalizas frescas (ajo, cebolla) y procesadas (aceitunas en conserva), frutas frescas (manzanas, peras), en conserva (duraznos, cerezas) y frutos secos (nueces, almendras, pistachos) y vinos.<\/p>\n<p>Panam\u00e1: se constituye en un pa\u00eds clave por ser un hub log\u00edstico operativo para toda Am\u00e9rica.<\/p>\n<p>Per\u00fa y Ecuador son dos mercados crecientes, con una econom\u00eda floreciente y con una balanza comercial positiva. En el caso de Per\u00fa, adem\u00e1s, nos benefician las oportunidades comerciales que se generan por pertenecer a la Aladi (Asociaci\u00f3n Latinoamericana de Integraci\u00f3n). Metalmec\u00e1nica dirigida al Petr\u00f3leo, Gas y Miner\u00eda.<\/p>\n<p>Ecuador: debido al tratado de libre comercio firmado entre este pa\u00eds y la Uni\u00f3n Europea, se perdi\u00f3 parte del mercado de vinos ganados por nuestro pa\u00eds. Trabajamos para restablecerlo. Adem\u00e1s, bienes y servicios del petr\u00f3leo tienen una oportunidad.<\/p>\n<p>La relaci\u00f3n econ\u00f3mico-comercial con Ecuador se enmarca en el ACE 59 (Mercosur-Ecuador). Este es un potencial mercado para la industria y el establecimiento de franquicias, debido a su apertura comercial y a que ambos son miembros de la Aladi.<\/p>\n<p>Costa Rica: se ampl\u00edan las posibilidades de negocios por la embajadora mendocina. Se trata de un pa\u00eds con alto poder adquisitivo, en progreso y desarrollo, destac\u00e1ndose por sus \u00edndices ambientales, de seguridad, democracia, distribuci\u00f3n de la riqueza, progreso social, \u200b salud y educaci\u00f3n.<\/p>\n<p>Bolivia: este mercado se perfila como un destino de inter\u00e9s para las exportaciones de alimentos (pur\u00e9 y pasta de frutas), conserva de frutas (durazno) y vinos y maquinaria de Mendoza, debido a su proximidad y debido tambi\u00e9n a que ambos son miembros de la Aladi. Metalmec\u00e1nica dirigida al Petr\u00f3leo, Gas y Miner\u00eda.<\/p>\n<p>Colombia: es un mercado con apertura comercial, sin embargo la restricci\u00f3n est\u00e1 en los requerimientos fitosanitarios. Actualmente es el vino (64%) el producto m\u00e1s exportado, pero Colombia se ha desarrollado como un Polo de Industrias Creativas.<\/p>\n<p>M\u00e9xico: importadores de ajo mendocino, quienes destacaron la calidad superior del producto pero la inconveniencia de los precios menos competitivos en comparaci\u00f3n de los pa\u00edses que poseen TLC, por lo que se realizar\u00e1 con el sector ajero un estudio de competitividad a fin de analizar las posibilidades.<\/p>\n<p>Chile es para Mendoza una gran oportunidad a partir de la aplicaci\u00f3n del Acuerdo de Cooperaci\u00f3n Econ\u00f3mica ACE 35 firmado el a\u00f1o pasado y pr\u00f3ximo a entrar en vigencia y que permite, participar del crecimiento del pa\u00eds vecino, especialmente para bienes y servicios vinculados a la construcci\u00f3n, industria metalmec\u00e1nica y servicios profesionales.<\/p>\n<p><img loading=\"lazy\" class=\"alignright wp-image-6388 size-medium\" src=\"http:\/\/www.promendoza.com\/wp-content\/uploads\/2019\/04\/DSC_6577-700x467-1-300x200.jpg\" alt=\"\" width=\"300\" height=\"200\" \/><\/p>\n<p><strong>Estados Unidos<\/strong><\/p>\n<p>El vino mendocino tiene una gran aceptaci\u00f3n en este mercado, en lo cual Mendoza tiene una gran oportunidad para seguir ganando mercado.<\/p>\n<p>Mendoza export\u00f3 a octubre del 2018 un total de FOB (U$D) 297.5 MM siendo \u00e9ste el principal destino de las exportaciones en Valor FOB y el segundo en volumen. EEUU es un mercado de gran inter\u00e9s para Mendoza, tanto para los productos tradicionales que ya se exportan, como para nuevos, el sector servicios y la industria creativa.<\/p>\n<p><strong>Uni\u00f3n Europea<\/strong><\/p>\n<p>La Uni\u00f3n Europea es un mercado de inter\u00e9s y significativo para Argentina, en julio, el comercio con la Uni\u00f3n Europea represent\u00f3 15,5 % de las exportaciones totales y 15,8% de las importaciones totales.<\/p>\n<p>Mendoza comercia con todos los pa\u00edses miembros de la Uni\u00f3n Europea. Export\u00f3 hasta Octubre de 2018 un total de FOB (U$D) 222.6 MM, posicion\u00e1ndose como bloque en el tercer destino de las exportaciones de la provincia y el cuarto en volumen, ofrece diversidad en los destinos y representa un potencial para la industria creativa y TIC.<\/p>\n<p><strong>\u00c1frica y Medio Oriente<\/strong><\/p>\n<p>Vamos a continuar trabajando el mercado de los pa\u00edses del Golfo tan importante para nuestras frutas secas y deshidratadas y, ahora, con el hub log\u00edstico de Dubai funcionando, podemos utilizar esa plataforma tambi\u00e9n, para comenzar a explorar mercados de \u00c1frica, especialmente los pa\u00edses del Norte, como por ejemplo Egipto, con quien tenemos tratado de Libre Comercio y Marruecos que se muestra como un mercado muy atractivo para nuestros productos.<\/p>\n","protected":false},"excerpt":{"rendered":"<p>El ministro de Econom\u00eda, Infraestructura y Energ\u00eda, Mart\u00edn Kerchner, junto al director gerente de ProMendoza, Mario L\u00e1zzaro, y el gerente t\u00e9cnico, Fernando Urdaniz, presentaron el calendario actividades para promocionar las&#8230;<\/p>\n","protected":false},"author":1,"featured_media":8800,"comment_status":"closed","ping_status":"open","sticky":false,"template":"","format":"image","meta":[],"categories":[47],"tags":[],"_links":{"self":[{"href":"https:\/\/www.promendoza.com\/en\/wp-json\/wp\/v2\/posts\/8868"}],"collection":[{"href":"https:\/\/www.promendoza.com\/en\/wp-json\/wp\/v2\/posts"}],"about":[{"href":"https:\/\/www.promendoza.com\/en\/wp-json\/wp\/v2\/types\/post"}],"author":[{"embeddable":true,"href":"https:\/\/www.promendoza.com\/en\/wp-json\/wp\/v2\/users\/1"}],"replies":[{"embeddable":true,"href":"https:\/\/www.promendoza.com\/en\/wp-json\/wp\/v2\/comments?post=8868"}],"version-history":[{"count":0,"href":"https:\/\/www.promendoza.com\/en\/wp-json\/wp\/v2\/posts\/8868\/revisions"}],"wp:featuredmedia":[{"embeddable":true,"href":"https:\/\/www.promendoza.com\/en\/wp-json\/wp\/v2\/media\/8800"}],"wp:attachment":[{"href":"https:\/\/www.promendoza.com\/en\/wp-json\/wp\/v2\/media?parent=8868"}],"wp:term":[{"taxonomy":"category","embeddable":true,"href":"https:\/\/www.promendoza.com\/en\/wp-json\/wp\/v2\/categories?post=8868"},{"taxonomy":"post_tag","embeddable":true,"href":"https:\/\/www.promendoza.com\/en\/wp-json\/wp\/v2\/tags?post=8868"}],"curies":[{"name":"wp","href":"https:\/\/api.w.org\/{rel}","templated":true}]}}