{"id":8872,"date":"2019-05-07T16:08:26","date_gmt":"2019-05-07T19:08:26","guid":{"rendered":"https:\/\/www.promendoza.com\/?p=6467"},"modified":"2019-05-07T16:08:26","modified_gmt":"2019-05-07T19:08:26","slug":"convocan-a-empresas-para-encuentro-de-negocios-de-vino-a-granel","status":"publish","type":"post","link":"https:\/\/www.promendoza.com\/en\/convocan-a-empresas-para-encuentro-de-negocios-de-vino-a-granel\/","title":{"rendered":"Convocan a empresas para encuentro de negocios de vino a granel"},"content":{"rendered":"<style type=\"text\/css\"><\/style><h5>C\u00f3mo ya lo anunci\u00f3 en marzo, desde Mainz (Alemania), el ministro de Econom\u00eda, Infraestructura y Energ\u00eda, Mart\u00edn Kerchner, en junio pr\u00f3ximo se concretar\u00e1 en Mendoza un megaencuentro de negocios con 30 importadores mundiales de vino a granel.<\/h5>\n<p>El evento se concretar\u00e1 del 24 al 26 de junio, en el marco de las acciones para el impulso de las exportaciones de las econom\u00edas regionales y para ganar mercados permanentes para el vino sin fraccionar.<\/p>\n<p>\u201cEs una gran oportunidad para seguir potenciando nuestras exportaciones y que la marca Mendoza llegue a m\u00e1s lugares y a m\u00e1s personas. Creemos que, junto con el Fondo Antic\u00edclico Vitivin\u00edcola, estamos resolviendo y consolidando el volumen de ventas de nuestra industria y tambi\u00e9n ayudando a nuevas pymes a exportar\u201d, explic\u00f3 Kerchner.<\/p>\n<p>El encuentro de negocios es fruto de la organizaci\u00f3n conjunta del Consejo Federal de Inversiones, la Provincia de Mendoza, a trav\u00e9s de Fundaci\u00f3n ProMendoza, junto con la C\u00e1mara Argentina de Vino a Granel y en la colaboraci\u00f3n de la World Bulk Wine Exhibition.<\/p>\n<p>Los interesados pueden escribir a Florencia Rebudero a: frebudero@promendoza.com o llamar al 0261 4054700.<\/p>\n","protected":false},"excerpt":{"rendered":"<p>C\u00f3mo ya lo anunci\u00f3 en marzo, desde Mainz (Alemania), el ministro de Econom\u00eda, Infraestructura y Energ\u00eda, Mart\u00edn Kerchner, en junio pr\u00f3ximo se concretar\u00e1 en Mendoza un megaencuentro de negocios con&#8230;<\/p>\n","protected":false},"author":1,"featured_media":8819,"comment_status":"closed","ping_status":"open","sticky":false,"template":"","format":"image","meta":[],"categories":[48],"tags":[],"_links":{"self":[{"href":"https:\/\/www.promendoza.com\/en\/wp-json\/wp\/v2\/posts\/8872"}],"collection":[{"href":"https:\/\/www.promendoza.com\/en\/wp-json\/wp\/v2\/posts"}],"about":[{"href":"https:\/\/www.promendoza.com\/en\/wp-json\/wp\/v2\/types\/post"}],"author":[{"embeddable":true,"href":"https:\/\/www.promendoza.com\/en\/wp-json\/wp\/v2\/users\/1"}],"replies":[{"embeddable":true,"href":"https:\/\/www.promendoza.com\/en\/wp-json\/wp\/v2\/comments?post=8872"}],"version-history":[{"count":0,"href":"https:\/\/www.promendoza.com\/en\/wp-json\/wp\/v2\/posts\/8872\/revisions"}],"wp:featuredmedia":[{"embeddable":true,"href":"https:\/\/www.promendoza.com\/en\/wp-json\/wp\/v2\/media\/8819"}],"wp:attachment":[{"href":"https:\/\/www.promendoza.com\/en\/wp-json\/wp\/v2\/media?parent=8872"}],"wp:term":[{"taxonomy":"category","embeddable":true,"href":"https:\/\/www.promendoza.com\/en\/wp-json\/wp\/v2\/categories?post=8872"},{"taxonomy":"post_tag","embeddable":true,"href":"https:\/\/www.promendoza.com\/en\/wp-json\/wp\/v2\/tags?post=8872"}],"curies":[{"name":"wp","href":"https:\/\/api.w.org\/{rel}","templated":true}]}}