{"id":8873,"date":"2019-05-09T10:37:26","date_gmt":"2019-05-09T13:37:26","guid":{"rendered":"https:\/\/www.promendoza.com\/?p=6470"},"modified":"2019-05-09T10:37:26","modified_gmt":"2019-05-09T13:37:26","slug":"ocho-empresas-mendocinas-participan-de-una-nueva-mision-de-negocios-a-brasil","status":"publish","type":"post","link":"https:\/\/www.promendoza.com\/en\/ocho-empresas-mendocinas-participan-de-una-nueva-mision-de-negocios-a-brasil\/","title":{"rendered":"OCHO EMPRESAS MENDOCINAS PARTICIPAN DE UNA NUEVA MISI\u00d3N DE NEGOCIOS A BRASIL"},"content":{"rendered":"<style type=\"text\/css\"><\/style><h5>Del 6 al 13 de este mes participamos junto a 8 empresas de una nueva Misi\u00f3n de Alimentos en Brasil, dando continuidad a la Ronda de Negocios inversa, desarrollada recientemente en Mendoza con supermercados de Brasil.<\/h5>\n<p>Del 6 al 13 de este mes participamos junto a 8 empresas de una nueva Misi\u00f3n de Alimentos en Brasil, dando continuidad a la Ronda de Negocios inversa, desarrollada recientemente en Mendoza con supermercados de Brasil.<\/p>\n<p>La misma comenz\u00f3 esta semana con la participaci\u00f3n en APAS SHOW que en su 35\u00ba edici\u00f3n, tendr\u00e1 lugar del 6 al 9 de mayo en la ciudad de San Pablo, Brasil. Esta feria es una de las m\u00e1s importantes del sector supermercadista de Am\u00e9rica Latina y del mundo. Re\u00fane a los principales tomadores de decisiones y promoviendo relaciones, experiencias y negocios entre empresarios y ejecutivos del sector.<\/p>\n<p>Argentina participar\u00e1 a trav\u00e9s de la Agencia Argentina de Inversiones y Comercio Internacional con un espacio de 286m2 distribuidos en 3 islas. ProMendoza brind\u00f3 asistencia a trav\u00e9s del programa PYMEXPORTA a empresas locales para poder participar de esta actividad.<\/p>\n<p>Participan por Mendoza: Cepas Argentinas S.A., F\u00e9nix S.A, Los Haroldos S.A, Jos\u00e9 Nucete e Hijos SCA, Pietrelli Vinos SRL, Rubio Mart\u00edn Rafael \u2013 Ajos del Valle, Almaoliva SA y Bodega Filus en el stand argentino. Mientras que American Garlic (Ruggeri) contar\u00e1 con un stand propio.<\/p>\n<p>Al culminar la feria APAS, se concretar\u00e1n rondas de negocios coordinadas de manera conjunta con el Consulado Argentino en Porto Alegre y Santa Catarina. Participar\u00e1n las empresas Ajos del Valle, Casa La Primavera y Bodega S\u00e1nchez.<\/p>\n<p>&nbsp;<\/p>\n<p>Fuente: Ecocuyo<\/p>\n","protected":false},"excerpt":{"rendered":"<p>Del 6 al 13 de este mes participamos junto a 8 empresas de una nueva Misi\u00f3n de Alimentos en Brasil, dando continuidad a la Ronda de Negocios inversa, desarrollada recientemente&#8230;<\/p>\n","protected":false},"author":1,"featured_media":8820,"comment_status":"closed","ping_status":"open","sticky":false,"template":"","format":"image","meta":[],"categories":[47],"tags":[],"_links":{"self":[{"href":"https:\/\/www.promendoza.com\/en\/wp-json\/wp\/v2\/posts\/8873"}],"collection":[{"href":"https:\/\/www.promendoza.com\/en\/wp-json\/wp\/v2\/posts"}],"about":[{"href":"https:\/\/www.promendoza.com\/en\/wp-json\/wp\/v2\/types\/post"}],"author":[{"embeddable":true,"href":"https:\/\/www.promendoza.com\/en\/wp-json\/wp\/v2\/users\/1"}],"replies":[{"embeddable":true,"href":"https:\/\/www.promendoza.com\/en\/wp-json\/wp\/v2\/comments?post=8873"}],"version-history":[{"count":0,"href":"https:\/\/www.promendoza.com\/en\/wp-json\/wp\/v2\/posts\/8873\/revisions"}],"wp:featuredmedia":[{"embeddable":true,"href":"https:\/\/www.promendoza.com\/en\/wp-json\/wp\/v2\/media\/8820"}],"wp:attachment":[{"href":"https:\/\/www.promendoza.com\/en\/wp-json\/wp\/v2\/media?parent=8873"}],"wp:term":[{"taxonomy":"category","embeddable":true,"href":"https:\/\/www.promendoza.com\/en\/wp-json\/wp\/v2\/categories?post=8873"},{"taxonomy":"post_tag","embeddable":true,"href":"https:\/\/www.promendoza.com\/en\/wp-json\/wp\/v2\/tags?post=8873"}],"curies":[{"name":"wp","href":"https:\/\/api.w.org\/{rel}","templated":true}]}}