{"id":9029,"date":"2019-06-29T13:21:51","date_gmt":"2019-06-29T13:21:51","guid":{"rendered":"https:\/\/www.promendoza.com\/?p=9029"},"modified":"2019-07-01T13:29:02","modified_gmt":"2019-07-01T13:29:02","slug":"se-firmo-con-la-ue-y-ahora-la-pelea-es-por-las-retenciones","status":"publish","type":"post","link":"https:\/\/www.promendoza.com\/en\/se-firmo-con-la-ue-y-ahora-la-pelea-es-por-las-retenciones\/","title":{"rendered":"Se firm\u00f3 con la UE y ahora  la pelea es por las retenciones"},"content":{"rendered":"<style type=\"text\/css\"><\/style><h3>Esta apertura al mundo significa mayores oportunidades para los empresarios locales, pero surge el temor de perder espacios ya conquistados.<\/h3>\n<p>&nbsp;<\/p>\n<p>Despu\u00e9s de m\u00e1s de 20 a\u00f1os de negociaciones sin resultados positivos, e<strong>l Mercosur y la Uni\u00f3n Europea alcanzaron un acuerdo comercial para trabajar entre los dos bloques.<\/strong><\/p>\n<p>Ahora<strong>\u00a0deber\u00e1n negociarse las posiciones arancelarias<\/strong>\u00a0para saber c\u00f3mo impactar\u00e1 en las econom\u00edas de los dos bloques, y<strong>\u00a0a nivel local, en la de los exportadores mendocinos que todav\u00eda reclaman por el fin de las retenciones y aumentos en los reintegros, como una forma de equiparar las asimetr\u00edas entre regiones.<\/strong><\/p>\n<p>En principio,<strong>\u00a0la noticia caus\u00f3 aceptaci\u00f3n entre los productores y empresarios locales, pero persisten temores sobre las condiciones en las que se competir\u00e1 con los europeos.\u00a0<\/strong>Pese a que el tipo de cambio en alza hizo que muchos productores vieran nuevamente la<strong>\u00a0conveniencia de exportar, el gravamen que se les impuso, en $ 4 o $ 3 por cada d\u00f3lar exportado (seg\u00fan sea actividad primaria o producto industrializado), les rest\u00f3 competitividad y entienden que Chile o Espa\u00f1a (dos de los principales competidores) seguir\u00e1n teniendo mayores opciones de encontrar mercados.\u00a0<\/strong>Por lo tanto, la quita de las retenciones tal como \u201cprometi\u00f3\u201d el gobierno nacional en 2020 deber\u00e1 convertirse en un hecho.<\/p>\n<h3><strong>De Brasil al resto del mundo\u00a0<\/strong><\/h3>\n<p>De todas maneras, se espera que el acuerdo sea rec\u00edproco, es decir que la apertura de\u00a0<strong>Argentina traiga consigo oportunidades en mercados a los que hoy resulta dif\u00edcil, o costoso, acceder. En cuanto a esto, Mario L\u00e1zzaro, gerente de ProMendoza estim\u00f3 un escenario con dos puntos claves: inversiones y mayor inserci\u00f3n para Mendoza.<\/strong><\/p>\n<div class=\"row peperito general article-box no-margin-sides\">\n<div class=\"col-xs-24 no-padding-sides\"><\/div>\n<\/div>\n<p>El funcionario consider\u00f3 que\u00a0<strong>los europeos podr\u00edan verse interesados en la provincia.<\/strong> Y el segundo impacto y el m\u00e1s importante, tiene que ver con las\u00a0<strong>posibilidades que se abren para los productos locales. Seg\u00fan L\u00e1zzaro, en materia vitivin\u00edcola Argentina puede sostener con estructura y estrategia ese nivel de exportaci\u00f3n, m\u00e1s all\u00e1 de la competencia.\u00a0<\/strong><\/p>\n<p>\u201cCuando analizamos las importaciones de vino a granel, el gran importador es Europa, entre Alemania (850 millones de d\u00f3lares), Francia (560 millones de d\u00f3lares), y el Reino Unido (530 millones de d\u00f3lares), y los Pa\u00edses Bajos (200 millones de d\u00f3lares), estamos redondeando los 2.300 millones de litros que importa la Uni\u00f3n Europea de vino a granel. Sin los altos aranceles que pagan los mendocinos, esto significar\u00eda una oportunidad real\u201d, apunt\u00f3.<\/p>\n<p><strong>En cuanto a los vinos embotellados, la amenaza nuevamente podr\u00eda darse en una sustituci\u00f3n de importaciones en el mercado brasile\u00f1o al que exportamos 51,2 millones de d\u00f3lares<\/strong>. \u201cPero actualmente, estamos vendiendo a la Uni\u00f3n Europea 148,5 millones de d\u00f3lares, con aranceles altos a Reino Unido y Alemania, sin esos aranceles, podemos aumentar la penetraci\u00f3n\u201d, agreg\u00f3 el titular de ProMendoza.<\/p>\n<p>Adem\u00e1s del vino<strong>, Mendoza exporta, entre otros productos, ciruela deshidratada, pulpas de frutas, nueces, mosto concentrado y ajo a la Uni\u00f3n Europea, y para esos productos tambi\u00e9n habr\u00eda oportunidades sin las presiones arancelarias.<\/strong><\/p>\n<div class=\"inline-container\"><img class=\"aligncenter\" src=\"https:\/\/dla.cdncimeco.com\/uploads\/2019\/06\/image5d16d744dee79.jpg\" alt=\"\" \/><\/div>\n<p>\u201cNo vamos a soslayar que existe una amenaza con respecto al ajo, es un producto importante por el que trabajamos y luchamos para que Brasil pueda continuar con el antidumping para China que logra excedentes de 1,5 millones de toneladas. Por otro lado, el segundo exportador y el que podr\u00eda competir con Argentina es Espa\u00f1a con entre 250 mil y 260 mil toneladas, pero trabaja en contraestaci\u00f3n\u201d, se\u00f1al\u00f3 L\u00e1zaro.<\/p>\n<h3><strong>Los empresarios exportadores\u00a0<\/strong><\/h3>\n<p>As\u00ed como lo se\u00f1al\u00f3 L\u00e1zaro,\u00a0<strong>desde la Asociaci\u00f3n de Productores, Empacadores y Exportadores de Ajos, Cebollas y Afines de Mendoza (Asocamen) explicaron que Espa\u00f1a le vende ajo a Brasil, y para evitar que se convierta en una competidora que deje afuera a la producci\u00f3n mendocina, se le impusieron aranceles del 35%, que estiman no ser\u00e1n tocados.<\/strong><\/p>\n<div class=\"row peperito general article-box no-margin-sides\">\n<div class=\"col-xs-24 no-padding-sides\"><\/div>\n<\/div>\n<p>\u201cHoy por hoy el ingreso de ajo europeo a Brasil no tiene restricciones ni cupos, lo \u00fanico que tiene es ese arancel y entendemos que no se va a tocar porque Brasil va a seguir defendiendo la producci\u00f3n local\u201d, explic\u00f3\u00a0<strong>el presidente de la Asociaci\u00f3n Ariel Zucarelli y se\u00f1al\u00f3 que de ser as\u00ed, m\u00e1s la posibilidad de que se les ampl\u00ede el cupo para ingresar al mercado europeo, el saldo del acuerdo ser\u00eda positivo.<\/strong><\/p>\n<p>Igualmente,\u00a0<strong>Oscar Morbidelli, presidente de la Asociaci\u00f3n Argentina de Ciruela para Industria, destac\u00f3 las posibilidades que surgir\u00edan del acuerdo, como una oportunidad de ingresar a los \u201cmercados A\u201d<\/strong>, o a los principales mercados del mundo.<\/p>\n<p>El empresario se\u00f1al\u00f3 que para estar a la altura de los competidores mundiales<strong>har\u00e1 falta trabajar de forma coordinada entre todos los actores de la industria (unidos en el cluster de la ciruela)<\/strong>. \u201cEstamos trabajando porque el acuerdo traer\u00e1 nuevas obligaciones y cada empresario por su cuenta no podr\u00e1 solventarlas\u201d, se\u00f1al\u00f3.<\/p>\n<p>No obstante,\u00a0<strong>lament\u00f3 la vuelta de las retenciones, y reclam\u00f3 que siendo un producto industrializado la ciruela deba pagar el mismo arancel que pagan las exportaciones de soja ($4 por cada d\u00f3lar)<\/strong>. \u201cSi no se resuelven temas como ese, no vamos a poder ser competitivos. Chile, por ejemplo, tiene arancel 0 y ac\u00e1 se reclama lo mismo pero se nos impone un gravamen por importar, es una contradicci\u00f3n\u201d, apunt\u00f3.<\/p>\n<p><strong>Otro de los sectores que se ver\u00eda afectado o, por el contrario, podr\u00eda recibir beneficios del acuerdo es el de la metalmec\u00e1nica, por ello Julio Totero vicepresidente de la Asociaci\u00f3n de Industriales Metal\u00fargicos (Asinmet), explic\u00f3 que desde hace tiempo que \u201cven con preocupaci\u00f3n el acuerdo de libre comercio\u201d<\/strong>; \u201cpor m\u00e1s que sean progresivos en el tiempo, hoy tenemos desventajas competitivas muy fuertes frente a Europa. En estas condiciones, y para un sector de bienes de capital como es el metal\u00fargico lo puede pulverizar el hecho de dejar entrar productos de afuera\u201d, se\u00f1al\u00f3. Aclar\u00f3 que \u201cno defienden el proteccionismo\u201d, sino que se\u00a0<strong>requiere de un Estado competitivo para que los empresarios tengan acceso al cr\u00e9dito, a la asistencia tecnol\u00f3gica y a los niveles de previsi\u00f3n (baja tasa inflacionaria) que tienen los europeos.\u00a0<\/strong>De esa forma, junto con la quita de aranceles, la competencia se dar\u00eda en t\u00e9rminos de igualdad.<\/p>\n<h3><strong>Sector oliv\u00edcola: ante la amenaza espa\u00f1ola\u00a0<\/strong><\/h3>\n<p>Los\u00a0<strong>productores locales del sector oliv\u00edcola reclamaban durante la \u00faltima d\u00e9cada una mayor apertura al mundo, considerando que \u201ctraer\u00eda mayores oportunidades\u201d,<\/strong>\u00a0no obstante las posibilidades de competir en desventaja ser\u00edan a\u00fan mayores que en el resto de las actividades mendocinas.<\/p>\n<p>\u201cLa apertura a la econom\u00eda es buena, pero no estamos de acuerdo si no se hace en t\u00e9rminos de igualdad, porque las asimetr\u00edas son pronunciadas\u201d, se\u00f1al\u00f3 Mario Bustos Carra gerente de la Asociaci\u00f3n Oliv\u00edcola de Mendoza (Asolmen) e insisti\u00f3 en que \u201cuna mala negociaci\u00f3n puede significar la destrucci\u00f3n del sector\u201d.<\/p>\n<div class=\"row peperito general article-box no-margin-sides\">\n<div class=\"col-xs-24 no-padding-sides\">\n<div id=\"31784-3\"><\/div>\n<div id=\"31784-20\"><\/div>\n<\/div>\n<\/div>\n<p><strong>Seg\u00fan explic\u00f3 el funcionario sus pares de Europa y, sobre todo el espa\u00f1ol, son los que mayor porcentaje de subsidio reciben.<\/strong>\u00a0\u201cSi negociamos de forma equivocada le vamos a abrir a\u00fan m\u00e1s el mercado brasile\u00f1o. Eso nos excluir\u00eda de ese mercado y otros\u201d, se\u00f1al\u00f3.<\/p>\n<p>P<strong>ara el empresario se necesitar\u00eda previsi\u00f3n econ\u00f3mica y el fin de las retenciones, m\u00e1s el aumento de los reintegros para igualar las condiciones con Espa\u00f1a<\/strong>. \u201cCon modificaciones bruscas en las reglas del juego (inflaci\u00f3n y vuelta de las retenciones), es muy dif\u00edcil sentarse a competir en mercados internacionales, no solo en acuerdos marco, sino en la comercializaci\u00f3n en general\u201d, apunt\u00f3.<\/p>\n<p>Por su parte,<strong>\u00a0el empresario Rodolfo Vargas Arizu, consider\u00f3 que finalmente se cerr\u00f3 un acuerdo reclamando.\u00a0<\/strong>\u201cLo que ha beneficiado a Chile ha sido tener gran cantidad de tratados de libre comercio, y por el contrario, desde 2003 nos cerramos al mundo. Ahora regresamos, era el reclamo de la industria\u201d, se\u00f1al\u00f3. \u201c<\/p>\n<p><strong>No salen barcos vac\u00edos en ninguna parte del mundo, para vender hay que comprar y tratar de que la balanza sea positiva para el pa\u00eds\u201d, agreg\u00f3 Vargas Arizu.<\/strong><\/p>\n","protected":false},"excerpt":{"rendered":"<p>Esta apertura al mundo significa mayores oportunidades para los empresarios locales, pero surge el temor de perder espacios ya conquistados. &nbsp; Despu\u00e9s de m\u00e1s de 20 a\u00f1os de negociaciones sin&#8230;<\/p>\n","protected":false},"author":1,"featured_media":9030,"comment_status":"closed","ping_status":"open","sticky":false,"template":"","format":"image","meta":[],"categories":[29],"tags":[],"_links":{"self":[{"href":"https:\/\/www.promendoza.com\/en\/wp-json\/wp\/v2\/posts\/9029"}],"collection":[{"href":"https:\/\/www.promendoza.com\/en\/wp-json\/wp\/v2\/posts"}],"about":[{"href":"https:\/\/www.promendoza.com\/en\/wp-json\/wp\/v2\/types\/post"}],"author":[{"embeddable":true,"href":"https:\/\/www.promendoza.com\/en\/wp-json\/wp\/v2\/users\/1"}],"replies":[{"embeddable":true,"href":"https:\/\/www.promendoza.com\/en\/wp-json\/wp\/v2\/comments?post=9029"}],"version-history":[{"count":1,"href":"https:\/\/www.promendoza.com\/en\/wp-json\/wp\/v2\/posts\/9029\/revisions"}],"predecessor-version":[{"id":9031,"href":"https:\/\/www.promendoza.com\/en\/wp-json\/wp\/v2\/posts\/9029\/revisions\/9031"}],"wp:featuredmedia":[{"embeddable":true,"href":"https:\/\/www.promendoza.com\/en\/wp-json\/wp\/v2\/media\/9030"}],"wp:attachment":[{"href":"https:\/\/www.promendoza.com\/en\/wp-json\/wp\/v2\/media?parent=9029"}],"wp:term":[{"taxonomy":"category","embeddable":true,"href":"https:\/\/www.promendoza.com\/en\/wp-json\/wp\/v2\/categories?post=9029"},{"taxonomy":"post_tag","embeddable":true,"href":"https:\/\/www.promendoza.com\/en\/wp-json\/wp\/v2\/tags?post=9029"}],"curies":[{"name":"wp","href":"https:\/\/api.w.org\/{rel}","templated":true}]}}