{"id":9085,"date":"2019-07-05T13:28:43","date_gmt":"2019-07-05T13:28:43","guid":{"rendered":"https:\/\/www.promendoza.com\/?p=9085"},"modified":"2019-07-12T14:18:20","modified_gmt":"2019-07-12T14:18:20","slug":"ronda-de-negocios-mas-de-80-empresas-avanzaron-con-500-entrevistas-comerciales","status":"publish","type":"post","link":"https:\/\/www.promendoza.com\/en\/ronda-de-negocios-mas-de-80-empresas-avanzaron-con-500-entrevistas-comerciales\/","title":{"rendered":"Ronda de negocios: M\u00e1s de 80 empresas avanzaron con 500 entrevistas comerciales"},"content":{"rendered":"<style type=\"text\/css\"><\/style><h4>Se realiz\u00f3 en La Enoteca la\u00a0&#8220;Ronda de Negocios Internacional y Multisectorial de Productos y Servicios&#8221;. Destacan el \u00e9xito del encuentro. Fue organizada desde la Comisi\u00f3n de Comercio Exterior de FEM con Ronda de Negocios CAME. Acompa\u00f1an Mujeres CAME, Foro Diplom\u00e1tico de Mendoza, Graciela Rovera Comercio Exterior + Negocios y Universidad de Congreso.<\/h4>\n<p id=\"m102-101-103\" class=\"paragraph \">La Confederaci\u00f3n Argentina de la Mediana Empresa (CAME), junto a la Federaci\u00f3n Econ\u00f3mica de Mendoza (FEM), realizaron ayer la &#8220;Ronda de Negocios Internacional y Multisectorial de Productos y Servicios&#8221;.\u00a0\u00a0La jornada se desarroll\u00f3 desde las 9 hasta las 17 horas en la Enoteca, Peltier 611 y participaron m\u00e1s de 80 empresas locales que generaron diversas reuniones de negocios. Se agendaron para unos 500 entrevistas comerciales. Hubo fuerte inter\u00e9s de los compradores de Chile por los productos mendocinos.<\/p>\n<div class=\"article-content-ad \">\n<div id=\"m29-27-30\"><\/div>\n<\/div>\n<p id=\"m112-111-113\" class=\"paragraph \">La apertura de la ronda estuvo a cargo de Graciela Rovera, titular de la Comisi\u00f3n de Comercio Exterior de la Federaci\u00f3n Econ\u00f3mica de Mendoza. Tambi\u00e9n dieron la bienvenida Eduardo Schott, C\u00f3nsul General de Chile en Mendoza y Carlos Venier, Prosecretario de Hacienda de CAME y Jos\u00e9 Luis Lopetegui, Secretario del Sector de Comercio Exterior de CAME. La FEM estuvo representada adem\u00e1s por Mario Do\u00f1a, Vicepresidente del Oasis Este y presidente de la C\u00e1mara de Comercio de San Mart\u00edn.<\/p>\n<p id=\"m117-116-118\" class=\"paragraph \">Venier expres\u00f3 en su alocuci\u00f3n. &#8220;Necesitamos de los hermanos de Chile para que nos ayuden&#8221; y breg\u00f3 para que &#8220;nosotros podamos ayudar a las Pymes&#8221; del vecino pa\u00eds. Agreg\u00f3 que ambos pa\u00edses tienen que complementarse, no competir. Se refiri\u00f3 tambi\u00e9n al reciente acuerdo Mercosur y Uni\u00f3n Europea y se\u00f1al\u00f3 que este representa una oportunidad que hay que aprovechar. &#8220;Tenemos que ser jugadores y no estar en la tribuna&#8221;, dijo. Finalmente invit\u00f3 a los empresarios a aprovechar plenamente esta reuni\u00f3n de negocios de FEM y CAME y a generar m\u00e1s encuentros de este tipo.<\/p>\n<div class=\"article-content-ad \">\n<div id=\"m29-27-30\"><\/div>\n<\/div>\n<p id=\"m127-126-128\" class=\"paragraph \">Por su parte Lopetegui puso en valor la ronda de negocios al manifestar que es una suerte de &#8220;sensibilizaci\u00f3n&#8221; de los que es el mercado exterior. En este sentido explic\u00f3 lo que est\u00e1 haciendo CAME en el sector externo a trav\u00e9s de la Red CAME LATAM que tiene como prop\u00f3sito acompa\u00f1ar a todo el ecosistema de las peque\u00f1as y medianas empresas argentinas en el proceso de internacionalizaci\u00f3n de sus productos o servicios en pa\u00edses del continente americano donde act\u00faan agentes de RED CAME LATAM. El objetivo es generar una plataforma amigable para que la empresa tenga un aterrizaje suave (Soft Landing) en el mercado seleccionado.<\/p>\n<p id=\"m132-131-133\" class=\"paragraph \">Record\u00f3 que actualmente CAME cuenta con oficinas en Miami, M\u00e9xico, Per\u00fa, Brasil, Uruguay y Paraguay (ahora est\u00e1n buscando llegar a Bolivia, Colombia y Canad\u00e1), de forma tal que cuando una empresa llegue a estos destinos, se le brinde una recepci\u00f3n para darle los primeros conocimientos de esos mercados. Este asesoramiento se extender\u00e1 luego a todos los tr\u00e1mites que la Pyme necesite realizar.<\/p>\n<p id=\"m137-136-138\" class=\"paragraph \">Esta ma\u00f1ana y antes de las mesas de negocios tuvieron lugar los siguientes paneles:<\/p>\n<p id=\"m142-141-143\" class=\"paragraph \"><strong>Primer panel:<\/strong><\/p>\n<p id=\"m147-146-148\" class=\"paragraph \">&#8211; Licenciado Magister Gonzalo Figueroa C\u00f3nsul Adjunto de Chile. TLC Chile \u2013 Argentina y desaf\u00edos en la macrozona..<\/p>\n<p id=\"m152-151-153\" class=\"paragraph \">&#8211; Marisol Gara\u00f1iz de Pro \u2013 Chile: instrumentos para fortalecer la relaci\u00f3n econ\u00f3mica comercial entre Chile y Argentina.<\/p>\n<p id=\"m157-156-158\" class=\"paragraph \">&#8211; Lic. Jos\u00e9 Luis Lopetegui Comercio Exterior de CAME: Red CAME LATAM.<\/p>\n<p id=\"m162-161-163\" class=\"paragraph \">&#8211; Lic. Fernando Urdaniz de ProMendoza \u2013 Exportaciones mendocinas a Chile Producto y montos- Herramientas para internacionalizaci\u00f3n de empresas mendocinas programa Pyme Exporta.<\/p>\n<p id=\"m167-166-168\" class=\"paragraph \"><strong>Segundo panel:<\/strong><\/p>\n<p id=\"m172-171-173\" class=\"paragraph \">&#8211; M\u00f3nica P\u00e9rez de OP.<\/p>\n<p id=\"m177-176-178\" class=\"paragraph \">&#8211; Javier Kuhlmann de Cointer Chile<\/p>\n<p id=\"m182-181-183\" class=\"paragraph \">&#8211; Carlos Bonetto: caso \u00e9xito.<\/p>\n<p id=\"m187-186-188\" class=\"paragraph \">La actividad tuvo como objetivo el intercambio de productos y servicios argentinos y chilenos en la b\u00fasqueda de m\u00e1s oportunidades comerciales. Desde la FEM se se\u00f1ala que &#8220;son espacios claves para que las Pymes de la provincia se vinculen con potenciales clientes y proveedores en forma simult\u00e1nea, impulsen su inserci\u00f3n en el mercado externo y generen mayores posibilidades de desarrollo a trav\u00e9s de la internacionalizaci\u00f3n&#8221;.<\/p>\n<p id=\"m197-196-198\" class=\"paragraph \">La ronda fue organizada desde la Comisi\u00f3n de Comercio Exterior de FEM con Ronda de Negocios CAME. Acompa\u00f1an Mujeres CAME, Foro Diplom\u00e1tico de Mendoza, Graciela Rovera Comercio Exterior + Negocios y Universidad de Congreso.<\/p>\n<p>Fuente: MDZ Online<\/p>\n<p>&nbsp;<\/p>\n","protected":false},"excerpt":{"rendered":"<p>Se realiz\u00f3 en La Enoteca la\u00a0&#8220;Ronda de Negocios Internacional y Multisectorial de Productos y Servicios&#8221;. Destacan el \u00e9xito del encuentro. Fue organizada desde la Comisi\u00f3n de Comercio Exterior de FEM&#8230;<\/p>\n","protected":false},"author":1,"featured_media":9088,"comment_status":"closed","ping_status":"open","sticky":false,"template":"","format":"image","meta":[],"categories":[99],"tags":[],"_links":{"self":[{"href":"https:\/\/www.promendoza.com\/en\/wp-json\/wp\/v2\/posts\/9085"}],"collection":[{"href":"https:\/\/www.promendoza.com\/en\/wp-json\/wp\/v2\/posts"}],"about":[{"href":"https:\/\/www.promendoza.com\/en\/wp-json\/wp\/v2\/types\/post"}],"author":[{"embeddable":true,"href":"https:\/\/www.promendoza.com\/en\/wp-json\/wp\/v2\/users\/1"}],"replies":[{"embeddable":true,"href":"https:\/\/www.promendoza.com\/en\/wp-json\/wp\/v2\/comments?post=9085"}],"version-history":[{"count":2,"href":"https:\/\/www.promendoza.com\/en\/wp-json\/wp\/v2\/posts\/9085\/revisions"}],"predecessor-version":[{"id":9090,"href":"https:\/\/www.promendoza.com\/en\/wp-json\/wp\/v2\/posts\/9085\/revisions\/9090"}],"wp:featuredmedia":[{"embeddable":true,"href":"https:\/\/www.promendoza.com\/en\/wp-json\/wp\/v2\/media\/9088"}],"wp:attachment":[{"href":"https:\/\/www.promendoza.com\/en\/wp-json\/wp\/v2\/media?parent=9085"}],"wp:term":[{"taxonomy":"category","embeddable":true,"href":"https:\/\/www.promendoza.com\/en\/wp-json\/wp\/v2\/categories?post=9085"},{"taxonomy":"post_tag","embeddable":true,"href":"https:\/\/www.promendoza.com\/en\/wp-json\/wp\/v2\/tags?post=9085"}],"curies":[{"name":"wp","href":"https:\/\/api.w.org\/{rel}","templated":true}]}}