{"id":9094,"date":"2019-07-07T14:27:00","date_gmt":"2019-07-07T14:27:00","guid":{"rendered":"https:\/\/www.promendoza.com\/?p=9094"},"modified":"2019-07-12T14:37:28","modified_gmt":"2019-07-12T14:37:28","slug":"la-relacion-con-brasil-que-sucedera-con-los-productos-mendocinos","status":"publish","type":"post","link":"https:\/\/www.promendoza.com\/en\/la-relacion-con-brasil-que-sucedera-con-los-productos-mendocinos\/","title":{"rendered":"La relaci\u00f3n con Brasil: qu\u00e9 suceder\u00e1 con los productos mendocinos"},"content":{"rendered":"<style type=\"text\/css\"><\/style><h3>El 22% de las exportaciones locales tienen como destino el mercado brasile\u00f1o. Con la reducci\u00f3n de aranceles surgen algunos temores.<\/h3>\n<p>&nbsp;<\/p>\n<p><strong>Brasil es un destino primordial para las exportaciones de Mendoza, con compras por m\u00e1s de 340 millones de d\u00f3lares que representan el 22,4% del total de lo exportado por la provincia.\u00a0<\/strong>Con la apertura de mercado hacia la Uni\u00f3n Europea, un temor latente es que se puede perder de ese mercado y con ello surge el desaf\u00edo de c\u00f3mo mantenerlo.<\/p>\n<p>Cuatro productos que pueden tomarse de base para el an\u00e1lisis son: ajo, frutas, vino y aceite de oliva.\u00a0<strong>Los n\u00fameros que maneja Fundaci\u00f3n ProMendoza y las visiones de referentes sirven para dar un panorama distinto para cada rubro.<\/strong><\/p>\n<p>En el caso del ajo,<strong>\u00a0Mendoza exporta al vecino pa\u00eds 75.956.535 FOB (d\u00f3lares), lo que representa el 81,4% de las exportaciones locales del rubro.<\/strong>\u00a0Luego del primer puesto de China con un mill\u00f3n y medio de toneladas de ajo, Espa\u00f1a es el segundo exportador mundial con cerca de 270 mil toneladas. De todas formas, desde la agroindustria local no parecen temer al ingreso del ajo espa\u00f1ol.<\/p>\n<p>As\u00ed lo sostiene Guillermo San Mart\u00edn, gerente de la Asociaci\u00f3n de Productores, Empacadores y Exportadores de Ajos, Cebollas y Afines (Asocam):\u00a0<strong>\u201cEn principio no vemos amenazas, porque con Espa\u00f1a tenemos contra-temporada y no competir\u00edamos de manera directa. Incluso, lo vemos auspicioso por la posibilidad de vender a Europa y recuperar mercados. S\u00ed nos preocupa que el gobierno est\u00e9 a la altura de las circunstancias y haga las tareas para recuperar competitividad\u201d.<\/strong><\/p>\n<div class=\"peperito-text\">\n<div class=\"col-xs-20\">\n<p>Por lo referido a frutas,\u00a0<strong>Mendoza a Brasil exporta u$s 3,8 millones en frutas de carozo (52,2% del total), u$s 17 millones en secas o procesadas (29,5% del total) y u$s 10 millones en peras (29,94% del total).<\/strong>\u00a0Mario Bustos Carra, gerente general de la C\u00e1mara de Comercio Exterior de Cuyo, considera que \u201cen lo inmediato no hay amenazas\u201d porque los productos europeos deben esperar a\u00f1os para poder ingresar y algunos seguir\u00e1n con aranceles.<\/p>\n<div class=\"row peperito general article-box no-margin-sides\">\n<div class=\"col-xs-24 no-padding-sides\"><\/div>\n<\/div>\n<p><strong>\u201cEn el caso de las aceitunas, cuyo principal mercado para Argentina es Brasil, se mantendr\u00e1 el actual arancel de 14,5% para las aceitunas europeas. Pero para el aceite hay 15 a\u00f1os de desgravaci\u00f3n, para frutas y vino habr\u00e1 8 a\u00f1os\u201d<\/strong>, se\u00f1ala Bustos Carra. El dirigente indica que con Brasil \u201chay un trabajo permanente\u201d por ser un destino importante y que, si bien intentan aumentar la participaci\u00f3n, \u201clos vaivenes de la econom\u00eda argentina y la pol\u00edtica no lo han posibilitado\u201d.<\/p>\n<div class=\"peperito-text\">\n<div class=\"col-xs-20\">\n<p>Si de vino mendocino se trata,\u00a0<strong>Brasil recibe u$s 53 millones, aunque es un mercado que representa solo el 7,17% sobre lo exportado.\u00a0<\/strong>Actualmente Chile, Espa\u00f1a y Portugal le venden m\u00e1s que Argentina a Brasil y ser\u00e1 necesario hacer valer la cercan\u00eda y generar estrategias para no perder ese mercado ante un eventual menor precio europeo.<\/p>\n<p>Al respecto, desde ProMendoza comentan que ahora trabajan enfoc\u00e1ndose en estados de Brasil como Santa Catarina, Rio Grande do Sul y Minas Gerais.<strong>\u00a0Una de las estrategias est\u00e1 en negociar de manera descentralizada y cerrar convenios con grupos de supermercados en vez de con grandes cadenas.\u00a0<\/strong><\/p>\n<p>Finalmente, el \u00faltimo rubro a analizar es el aceite de oliva, con ciclos internos fluctuantes de producci\u00f3n.<strong>\u00a0Las exportaciones locales al vecino pa\u00eds son de u$s 5,6 millones<\/strong>\u00a0(35% del total). Brasil importa la mayor parte del aceite que consume desde Portugal, aunque tambi\u00e9n se da un dato curioso y un posible desaf\u00edo a largo plazo: el 63% del aceite que exporta Mendoza va hacia el mercado europeo.<\/p>\n<h3><strong>\u00bfQu\u00e9 exportamos?<\/strong><\/h3>\n<p><strong>Productos con destino Brasil<\/strong>.\u00a0Vino, ajo, cebolla, ciruelas desecadas, materiales pl\u00e1sticos, entre otros, son los principales art\u00edculos que se comercializan desde nuestra provincia al gigante del Mercosur.<\/p>\n<p><strong>Agroindustria local.\u00a0<\/strong>Tanto las ciruelas deshidratada (con o \u00a0sin carozo) como el durazno (lata) tendr\u00e1n una desgravaci\u00f3n lineal y gradual en un per\u00edodo de 7 a\u00f1os.<\/p>\n<div class=\"row peperito general article-box no-margin-sides\">\n<div class=\"col-xs-24 no-padding-sides\"><\/div>\n<\/div>\n<p><strong>Frutas deshidratada producidas en Mendoza\u00a0<\/strong>son: ciruela, uvas, tomates, damascos, peras y manzanas.<\/p>\n<p><strong>Frutas procesadas<\/strong> en la provincia son: duraznos, peras, mix de frutas, cerezas y tambi\u00e9n pulpas de fruta.<\/p>\n<p><strong>Especias y arom\u00e1ticas\u00a0<\/strong>que se producen en nuestra provincia: or\u00e9gano. estrag\u00f3n franc\u00e9s, menta fresca y azafr\u00e1n.<\/p>\n<p>Fuente: Diario Los Andes<\/p>\n<\/div>\n<\/div>\n<\/div>\n<\/div>\n","protected":false},"excerpt":{"rendered":"<p>El 22% de las exportaciones locales tienen como destino el mercado brasile\u00f1o. Con la reducci\u00f3n de aranceles surgen algunos temores. &nbsp; Brasil es un destino primordial para las exportaciones de&#8230;<\/p>\n","protected":false},"author":1,"featured_media":9095,"comment_status":"closed","ping_status":"open","sticky":false,"template":"","format":"image","meta":[],"categories":[100],"tags":[],"_links":{"self":[{"href":"https:\/\/www.promendoza.com\/en\/wp-json\/wp\/v2\/posts\/9094"}],"collection":[{"href":"https:\/\/www.promendoza.com\/en\/wp-json\/wp\/v2\/posts"}],"about":[{"href":"https:\/\/www.promendoza.com\/en\/wp-json\/wp\/v2\/types\/post"}],"author":[{"embeddable":true,"href":"https:\/\/www.promendoza.com\/en\/wp-json\/wp\/v2\/users\/1"}],"replies":[{"embeddable":true,"href":"https:\/\/www.promendoza.com\/en\/wp-json\/wp\/v2\/comments?post=9094"}],"version-history":[{"count":1,"href":"https:\/\/www.promendoza.com\/en\/wp-json\/wp\/v2\/posts\/9094\/revisions"}],"predecessor-version":[{"id":9096,"href":"https:\/\/www.promendoza.com\/en\/wp-json\/wp\/v2\/posts\/9094\/revisions\/9096"}],"wp:featuredmedia":[{"embeddable":true,"href":"https:\/\/www.promendoza.com\/en\/wp-json\/wp\/v2\/media\/9095"}],"wp:attachment":[{"href":"https:\/\/www.promendoza.com\/en\/wp-json\/wp\/v2\/media?parent=9094"}],"wp:term":[{"taxonomy":"category","embeddable":true,"href":"https:\/\/www.promendoza.com\/en\/wp-json\/wp\/v2\/categories?post=9094"},{"taxonomy":"post_tag","embeddable":true,"href":"https:\/\/www.promendoza.com\/en\/wp-json\/wp\/v2\/tags?post=9094"}],"curies":[{"name":"wp","href":"https:\/\/api.w.org\/{rel}","templated":true}]}}